{"id":26902,"date":"2021-05-07T08:32:59","date_gmt":"2021-05-07T13:32:59","guid":{"rendered":"http:\/\/www.zonaroja.com.mx\/?p=26902"},"modified":"2021-05-06T21:50:17","modified_gmt":"2021-05-07T02:50:17","slug":"serie-radiofonica-difunde-historias-y-tradiciones-en-lengua-materna-de-comunidades","status":"publish","type":"post","link":"https:\/\/zonaroja.com.mx\/?p=26902","title":{"rendered":"Serie radiof\u00f3nica difunde historias y tradiciones en lengua materna de comunidades"},"content":{"rendered":"\n<p>Redacci\u00f3n\/Zona Roja.<\/p>\n\n\n\n<p>Oaxaca de Ju\u00e1rez, Oax., 7 de mayo de 2021.- Un a\u00f1o de transmisiones cumpli\u00f3 \u201cAprendiendo desde mi comunidad\u201d, serie radiof\u00f3nica infantil que con las colaboraciones de maestras y maestros biling\u00fces, difunde en espa\u00f1ol y en las lenguas originarias de Oaxaca cuentos, historias, leyendas, m\u00fasica y tradiciones para preservarlas y trasmitirlas a las y los escolares que se encuentran en sus casas y que pueden aprender en compa\u00f1\u00eda de su familia.<\/p>\n\n\n\n<p>En esta semana, el programa que comenz\u00f3 a difundirse el 6 de mayo de 2020 con el apoyo de la Corporaci\u00f3n Oaxaque\u00f1a de Radio y Televisi\u00f3n (Cortv), sumar\u00e1 150 emisiones ininterrumpidas que principalmente en este periodo de confinamiento han acompa\u00f1ado a ni\u00f1as, ni\u00f1os, adolescentes y j\u00f3venes de las localidades, como un complemento a su formaci\u00f3n educativa.<\/p>\n\n\n\n<p>En los contenidos m\u00e1s recientes, las narraciones, historias y m\u00fasica, con un enfoque intercultural, ha contado con las aportaciones de hablantes en las lenguas Mixteco del Oeste Alto, Santiago Juxtlahuaca; Zapoteco de la Sierra Sur; Triqui Bajo, Zapoteco Serrano; Mazateco de Santa Mar\u00eda Chilchotla; Mixteco de Santiago Nuyo\u00f3; Zapoteco de San Andr\u00e9s Ya\u00e1; Mixe de San Lucas Camotl\u00e1n y Zapoteco de Santiago Quiavicuzas.<\/p>\n\n\n\n<p>Relatos como La leyenda del Cerro Gordo, La mu\u00f1eca de porcelana, La cueva de la olla y la j\u00edcara roja, se realizan con la aportaci\u00f3n entusiasta de maestras y maestros, habitantes de localidades originarias y estudiantes, quienes colaboran con la traducci\u00f3n de textos, transcripciones, recopilaci\u00f3n de informaci\u00f3n de la comunidad y grabaci\u00f3n de los segmentos radiof\u00f3nicos.<\/p>\n\n\n\n<p>\u201cAprendiendo desde mi comunidad\u201d, se difunde a trav\u00e9s de la se\u00f1al de Oaxaque\u00f1a Radio 92.9 FM, los lunes, mi\u00e9rcoles y viernes, a las 7:30 a.m. y con repetici\u00f3n los martes, jueves y s\u00e1bado, a las 4:30 p.m. tambi\u00e9n, a trav\u00e9s de Global 96.9 FM los s\u00e1bados y domingos a las 8:30 horas.<\/p>\n","protected":false},"excerpt":{"rendered":"<p>Redacci\u00f3n\/Zona Roja. Oaxaca de Ju\u00e1rez, Oax., 7 de mayo de 2021.- Un a\u00f1o de transmisiones&hellip;<\/p>\n","protected":false},"author":2,"featured_media":26903,"comment_status":"closed","ping_status":"open","sticky":false,"template":"","format":"standard","meta":{"_lmt_disableupdate":"","_lmt_disable":"","_jetpack_memberships_contains_paid_content":false,"footnotes":""},"categories":[109,46],"tags":[599],"class_list":["post-26902","post","type-post","status-publish","format-standard","has-post-thumbnail","hentry","category-minuto-a-minuto","category-zona-blanca","tag-instituto-estatal-de-educacion-publica-de-oaxaca"],"jetpack_featured_media_url":"https:\/\/zonaroja.com.mx\/wp-content\/uploads\/2021\/05\/Aprendiendo-desde-mi-comunidad..jpg","jetpack_sharing_enabled":true,"_links":{"self":[{"href":"https:\/\/zonaroja.com.mx\/index.php?rest_route=\/wp\/v2\/posts\/26902","targetHints":{"allow":["GET"]}}],"collection":[{"href":"https:\/\/zonaroja.com.mx\/index.php?rest_route=\/wp\/v2\/posts"}],"about":[{"href":"https:\/\/zonaroja.com.mx\/index.php?rest_route=\/wp\/v2\/types\/post"}],"author":[{"embeddable":true,"href":"https:\/\/zonaroja.com.mx\/index.php?rest_route=\/wp\/v2\/users\/2"}],"replies":[{"embeddable":true,"href":"https:\/\/zonaroja.com.mx\/index.php?rest_route=%2Fwp%2Fv2%2Fcomments&post=26902"}],"version-history":[{"count":1,"href":"https:\/\/zonaroja.com.mx\/index.php?rest_route=\/wp\/v2\/posts\/26902\/revisions"}],"predecessor-version":[{"id":26904,"href":"https:\/\/zonaroja.com.mx\/index.php?rest_route=\/wp\/v2\/posts\/26902\/revisions\/26904"}],"wp:featuredmedia":[{"embeddable":true,"href":"https:\/\/zonaroja.com.mx\/index.php?rest_route=\/wp\/v2\/media\/26903"}],"wp:attachment":[{"href":"https:\/\/zonaroja.com.mx\/index.php?rest_route=%2Fwp%2Fv2%2Fmedia&parent=26902"}],"wp:term":[{"taxonomy":"category","embeddable":true,"href":"https:\/\/zonaroja.com.mx\/index.php?rest_route=%2Fwp%2Fv2%2Fcategories&post=26902"},{"taxonomy":"post_tag","embeddable":true,"href":"https:\/\/zonaroja.com.mx\/index.php?rest_route=%2Fwp%2Fv2%2Ftags&post=26902"}],"curies":[{"name":"wp","href":"https:\/\/api.w.org\/{rel}","templated":true}]}}