{"id":26908,"date":"2021-05-07T07:17:30","date_gmt":"2021-05-07T12:17:30","guid":{"rendered":"http:\/\/www.zonaroja.com.mx\/?p=26908"},"modified":"2021-05-06T22:21:45","modified_gmt":"2021-05-07T03:21:45","slug":"ofrece-villacana-que-habra-seguridad-para-oaxaquenos-de-la-capital","status":"publish","type":"post","link":"https:\/\/zonaroja.com.mx\/?p=26908","title":{"rendered":"Ofrece Villaca\u00f1a que habr\u00e1 seguridad para oaxaque\u00f1os de la capital"},"content":{"rendered":"\n<p>Redacci\u00f3n\/Zona Roja.<\/p>\n\n\n\n<p>Oaxaca de Ju\u00e1rez, Oax., 6 de Mayo de 2020.- Mujeres, hombres y j\u00f3venes de San Mart\u00edn Mexic\u00e1pam recibieron con los brazos abiertos al candidato de la coalici\u00f3n \u201cVa por Oaxaca\u201d Javier Villaca\u00f1a Jim\u00e9nez, a quien externaron su respaldo y confianza para que sea su pr\u00f3ximo presidente municipal.<\/p>\n\n\n\n<p>Luego de un recorrido por las calles m\u00e1s emblem\u00e1ticas de esa agencia municipal, el postulado por el PRI, PAN y PRD ponder\u00f3 el trabajo realizado durante su gesti\u00f3n en esa agencia municipal en beneficio de las familias de la zona.<\/p>\n\n\n\n<p>Ante cientos de vecinos y vecinas, el candidato Villaca\u00f1a Jim\u00e9nez reiter\u00f3 cada uno de los compromisos contra\u00eddos con la sociedad oaxaque\u00f1a, entre los que destacan la seguridad en las colonias a trav\u00e9s de mapas de incidencia delictiva, el embellecimiento de la ciudad, adem\u00e1s de la revisi\u00f3n del andamiaje jur\u00eddico para modernizar y agilizar los tr\u00e1mites municipales.<\/p>\n\n\n\n<figure class=\"wp-block-embed-twitter wp-block-embed is-type-rich is-provider-twitter\"><div class=\"wp-block-embed__wrapper\">\n<div class=\"twitter-tweet\"><blockquote class=\"twitter-tweet\" data-lang=\"es\"><p lang=\"es\" dir=\"ltr\">Todos juntos, como un gran equipo, fuerte e invencible, vamos a lograr que las cosas buenas regresen a <a href=\"https:\/\/twitter.com\/hashtag\/OaxacaDeJu%C3%A1rez?src=hash&amp;ref_src=twsrc%5Etfw\">#OaxacaDeJu\u00e1rez<\/a>; es tiempo de devolverle a la ciudadan\u00eda la tranquilidad y el trato digno que se merecen. \u00a1Muchas gracias por su confianza! <a href=\"https:\/\/twitter.com\/hashtag\/JuntosLoHaremosDeNuevo?src=hash&amp;ref_src=twsrc%5Etfw\">#JuntosLoHaremosDeNuevo<\/a> <a href=\"https:\/\/t.co\/JhitnjNGxG\">pic.twitter.com\/JhitnjNGxG<\/a><\/p>&mdash; Javier Villaca\u00f1a (@JavierVillacana) <a href=\"https:\/\/twitter.com\/JavierVillacana\/status\/1390155954835103744?ref_src=twsrc%5Etfw\">6 de mayo de 2021<\/a><\/blockquote><\/div>\n<\/div><\/figure>\n\n\n\n<p>C\u00f3mo ha sido una constante desde hace casi 39 a\u00f1os, Javier Villaca\u00f1a escuch\u00f3 las problem\u00e1ticas de esta zona de la capital, generando nuevas alianzas y pactos que lo reafirman como un presidente y pol\u00edtico cercano y sensible del sentir ciudadano.<\/p>\n\n\n\n<p>Entre vivas y porras camin\u00f3 esas calles donde ha constatado el progreso de las familias y ha visto mejorar la calidad de vida a trav\u00e9s de programas y servicios que realmente inciden en quienes m\u00e1s lo necesitan.<\/p>\n\n\n\n<p>Pese al calor que se siente en la capital, Villaca\u00f1a y decenas de personas caminaron, atendieron y en algunos casos constataron el firme compromiso con toda la gente de Oaxaca de Ju\u00e1rez y sus localidades, haciendo hincapi\u00e9 en su experiencia y trabajo desde hace m\u00e1s de 39 a\u00f1os.<\/p>\n\n\n\n<p>\u201cEsta experiencia da confianza\u201d aseguraban mujeres y hombres convencidos de que el 6 de junio, Villaca\u00f1a ser\u00e1 elegido el primer concejal de Oaxaca iniciando con ello la recuperaci\u00f3n de la ciudad patrimonio de la humanidad.<\/p>\n","protected":false},"excerpt":{"rendered":"<p>Redacci\u00f3n\/Zona Roja. Oaxaca de Ju\u00e1rez, Oax., 6 de Mayo de 2020.- Mujeres, hombres y j\u00f3venes&hellip;<\/p>\n","protected":false},"author":2,"featured_media":26909,"comment_status":"closed","ping_status":"open","sticky":false,"template":"","format":"standard","meta":{"_lmt_disableupdate":"","_lmt_disable":"","_jetpack_memberships_contains_paid_content":false,"footnotes":""},"categories":[109,47],"tags":[2456],"class_list":["post-26908","post","type-post","status-publish","format-standard","has-post-thumbnail","hentry","category-minuto-a-minuto","category-zona-gris","tag-javier-villacana-jimenez"],"jetpack_featured_media_url":"https:\/\/zonaroja.com.mx\/wp-content\/uploads\/2021\/05\/Javier-Villacana.jpeg","jetpack_sharing_enabled":true,"_links":{"self":[{"href":"https:\/\/zonaroja.com.mx\/index.php?rest_route=\/wp\/v2\/posts\/26908","targetHints":{"allow":["GET"]}}],"collection":[{"href":"https:\/\/zonaroja.com.mx\/index.php?rest_route=\/wp\/v2\/posts"}],"about":[{"href":"https:\/\/zonaroja.com.mx\/index.php?rest_route=\/wp\/v2\/types\/post"}],"author":[{"embeddable":true,"href":"https:\/\/zonaroja.com.mx\/index.php?rest_route=\/wp\/v2\/users\/2"}],"replies":[{"embeddable":true,"href":"https:\/\/zonaroja.com.mx\/index.php?rest_route=%2Fwp%2Fv2%2Fcomments&post=26908"}],"version-history":[{"count":1,"href":"https:\/\/zonaroja.com.mx\/index.php?rest_route=\/wp\/v2\/posts\/26908\/revisions"}],"predecessor-version":[{"id":26910,"href":"https:\/\/zonaroja.com.mx\/index.php?rest_route=\/wp\/v2\/posts\/26908\/revisions\/26910"}],"wp:featuredmedia":[{"embeddable":true,"href":"https:\/\/zonaroja.com.mx\/index.php?rest_route=\/wp\/v2\/media\/26909"}],"wp:attachment":[{"href":"https:\/\/zonaroja.com.mx\/index.php?rest_route=%2Fwp%2Fv2%2Fmedia&parent=26908"}],"wp:term":[{"taxonomy":"category","embeddable":true,"href":"https:\/\/zonaroja.com.mx\/index.php?rest_route=%2Fwp%2Fv2%2Fcategories&post=26908"},{"taxonomy":"post_tag","embeddable":true,"href":"https:\/\/zonaroja.com.mx\/index.php?rest_route=%2Fwp%2Fv2%2Ftags&post=26908"}],"curies":[{"name":"wp","href":"https:\/\/api.w.org\/{rel}","templated":true}]}}