{"id":26916,"date":"2021-05-07T07:42:56","date_gmt":"2021-05-07T12:42:56","guid":{"rendered":"http:\/\/www.zonaroja.com.mx\/?p=26916"},"modified":"2021-05-08T19:57:20","modified_gmt":"2021-05-09T00:57:20","slug":"dos-accidentes-viales-dejan-cuatro-muertos-en-oaxaca","status":"publish","type":"post","link":"https:\/\/zonaroja.com.mx\/?p=26916","title":{"rendered":"Dos accidentes viales dejan cuatro muertos en Oaxaca"},"content":{"rendered":"\n<p>Redacci\u00f3n\/Zona Roja.<\/p>\n\n\n\n<p>Oaxaca de Ju\u00e1rez, Oax., 7 de mayo de 2021.- Cuatro personas perdieron la vida este jueves a causa de dos accidentes viales, en las regiones Valles Centrales y Cuenca del Papaloapan de Oaxaca.<\/p>\n\n\n\n<p>Ayer por la ma\u00f1ana, en la carretera federal 131, Oaxaca-Puerto Escondido, en inmediaciones de Ayoquezco de Aldama, Zimatl\u00e1n, una unidad de pasajeros tipo Urvan de la l\u00ednea \u201cLos Zenzontles\u201d se impact\u00f3 contra un veh\u00edculo particular, marca Nissan, tipo March, con placas de circulaci\u00f3n TMD-6671; la camioneta se incendi\u00f3 de inmediato pero los pasajeros lograron ponerse a salvo.<\/p>\n\n\n\n<p>Elementos de corporaciones de auxilio lograron a rescatar al chofer del veh\u00edculo compacto, pero ya hab\u00eda perdido la vida; la v\u00edctima fue identificada como Isidro Bernal J., de San Jacinto Amilpas; otra persona result\u00f3 lesionada.<\/p>\n\n\n\n<p>En tanto, en la carretera federal 175, Oaxaca-Tuxtepec, tramo Valle Nacional, a la altura del kil\u00f3metro 24, la madrugada de ayer tres personas fueron atropelladas por un veh\u00edculo cuyas caracter\u00edsticas se desconocen.<\/p>\n\n\n\n<p>Dos murieron en el lugar, Jos\u00e9 Luis Tolentino Antonio y Juan Manuel Antonio; un herido fue trasladado a un hospital de Tuxtepec, donde perdi\u00f3 la vida; respondi\u00f3 al nombre de Urbano P\u00e9rez Tiburcio.<\/p>\n","protected":false},"excerpt":{"rendered":"<p>Redacci\u00f3n\/Zona Roja. Oaxaca de Ju\u00e1rez, Oax., 7 de mayo de 2021.- Cuatro personas perdieron la&hellip;<\/p>\n","protected":false},"author":2,"featured_media":26917,"comment_status":"closed","ping_status":"open","sticky":false,"template":"","format":"standard","meta":{"_lmt_disableupdate":"","_lmt_disable":"","_jetpack_memberships_contains_paid_content":false,"footnotes":""},"categories":[109,51],"tags":[2360],"class_list":["post-26916","post","type-post","status-publish","format-standard","has-post-thumbnail","hentry","category-minuto-a-minuto","category-zona-roja","tag-ayoquezco-de-aldama"],"jetpack_featured_media_url":"https:\/\/zonaroja.com.mx\/wp-content\/uploads\/2021\/05\/Accidente-Ayoquezco.jpg","jetpack_sharing_enabled":true,"_links":{"self":[{"href":"https:\/\/zonaroja.com.mx\/index.php?rest_route=\/wp\/v2\/posts\/26916","targetHints":{"allow":["GET"]}}],"collection":[{"href":"https:\/\/zonaroja.com.mx\/index.php?rest_route=\/wp\/v2\/posts"}],"about":[{"href":"https:\/\/zonaroja.com.mx\/index.php?rest_route=\/wp\/v2\/types\/post"}],"author":[{"embeddable":true,"href":"https:\/\/zonaroja.com.mx\/index.php?rest_route=\/wp\/v2\/users\/2"}],"replies":[{"embeddable":true,"href":"https:\/\/zonaroja.com.mx\/index.php?rest_route=%2Fwp%2Fv2%2Fcomments&post=26916"}],"version-history":[{"count":2,"href":"https:\/\/zonaroja.com.mx\/index.php?rest_route=\/wp\/v2\/posts\/26916\/revisions"}],"predecessor-version":[{"id":26985,"href":"https:\/\/zonaroja.com.mx\/index.php?rest_route=\/wp\/v2\/posts\/26916\/revisions\/26985"}],"wp:featuredmedia":[{"embeddable":true,"href":"https:\/\/zonaroja.com.mx\/index.php?rest_route=\/wp\/v2\/media\/26917"}],"wp:attachment":[{"href":"https:\/\/zonaroja.com.mx\/index.php?rest_route=%2Fwp%2Fv2%2Fmedia&parent=26916"}],"wp:term":[{"taxonomy":"category","embeddable":true,"href":"https:\/\/zonaroja.com.mx\/index.php?rest_route=%2Fwp%2Fv2%2Fcategories&post=26916"},{"taxonomy":"post_tag","embeddable":true,"href":"https:\/\/zonaroja.com.mx\/index.php?rest_route=%2Fwp%2Fv2%2Ftags&post=26916"}],"curies":[{"name":"wp","href":"https:\/\/api.w.org\/{rel}","templated":true}]}}