{"id":26920,"date":"2021-05-07T07:46:59","date_gmt":"2021-05-07T12:46:59","guid":{"rendered":"http:\/\/www.zonaroja.com.mx\/?p=26920"},"modified":"2021-05-07T07:47:04","modified_gmt":"2021-05-07T12:47:04","slug":"en-procesos-judiciales-ninas-y-ninos-tienen-derecho-a-ser-escuchados","status":"publish","type":"post","link":"https:\/\/zonaroja.com.mx\/?p=26920","title":{"rendered":"En procesos judiciales ni\u00f1as y ni\u00f1os tienen derecho a ser escuchados"},"content":{"rendered":"\n<p>Redacci\u00f3n\/Zona Roja.<\/p>\n\n\n\n<p>Oaxaca de Ju\u00e1rez, Oax., 7 de mayo de 2021.- Tanto la Convenci\u00f3n sobre los Derechos del Ni\u00f1o en su art\u00edculo 12 como el art\u00edculo Cuarto Constitucional, establecen como un derecho de los menores de edad su participaci\u00f3n en las controversias judiciales en donde se encuentren inmersos y que adem\u00e1s la decisi\u00f3n que se tome tenga un impacto directo en su esfera de derechos.<\/p>\n\n\n\n<p>Con apego a lo anterior, en los juicios de guarda y custodia y r\u00e9gimen de convivencia es indispensable que ni\u00f1as, ni\u00f1os y adolescentes sean escuchados, como lo ha establecido la Suprema Corte de Justicia de la Naci\u00f3n (SCJN) tomando en cuenta la edad y madurez que presentan, se\u00f1al\u00f3 la jueza Sexto Familiar del Centro del Poder Judicial del Estado, Mar\u00eda de Lourdes Rojas R\u00edos.<\/p>\n\n\n\n<p>En entrevista, explic\u00f3 que el C\u00f3digo civil de Oaxaca establece como edad adecuada para que los menores participen en un proceso, los siete a\u00f1os, pues es cuando se considera que ya puede externar de forma v\u00e1lida su opini\u00f3n.<\/p>\n\n\n\n<p>Adem\u00e1s, dijo, esta labor se apoya de especialistas y psic\u00f3logos que valoran la condici\u00f3n emocional del menor de edad, ya que ante una ruptura familia, las hijas e hijos generan sentimientos como baja autoestima<\/p>\n\n\n\n<p>Puntualiz\u00f3 que en este tipo de procesos legales, adem\u00e1s del conocimiento jur\u00eddico, las y los jueces deben contar con sensibilidad, inter\u00e9s y empat\u00eda hacia las personas que atienden, para visualizar el contexto de la situaci\u00f3n familiar que atraviesan y ofrecerles una soluci\u00f3n efectiva.<\/p>\n\n\n\n<p>La especialista mencion\u00f3 que socialmente se piensa que son las madres las que tienen mayor derecho sobre los hijos. \u201cEsto en realidad no es as\u00ed, las leyes no establecen una idoneidad absoluta hacia los progenitores, lo que se debe de entender es que tanto la madre como el padre est\u00e1n igualmente calificados para atender a sus hijos\u201d, resalt\u00f3.<\/p>\n\n\n\n<p>En este sentido, explic\u00f3 que la decisi\u00f3n judicial solo tiene que estar basada en lo que se considere que es el mejor panorama y ambiente que beneficie al menor de edad y es aqu\u00ed donde las y los jueces requieren tomar en cuenta elementos personales, familiares, materiales, culturales, sociales y religiosos de cada uno de los miembros de la familia.<\/p>\n\n\n\n<p>Sobre el r\u00e9gimen convivencia, la jueza se\u00f1al\u00f3 que es un derecho fundamental de los menores de edad donde los padres deben comprender que es prioridad y tener la sensibilidad de permitirlo sin condicionarlo ni afectarla relaci\u00f3n.<\/p>\n","protected":false},"excerpt":{"rendered":"<p>Redacci\u00f3n\/Zona Roja. Oaxaca de Ju\u00e1rez, Oax., 7 de mayo de 2021.- Tanto la Convenci\u00f3n sobre&hellip;<\/p>\n","protected":false},"author":2,"featured_media":26921,"comment_status":"closed","ping_status":"open","sticky":false,"template":"","format":"standard","meta":{"_lmt_disableupdate":"","_lmt_disable":"","_jetpack_memberships_contains_paid_content":false,"footnotes":""},"categories":[109,46],"tags":[223],"class_list":["post-26920","post","type-post","status-publish","format-standard","has-post-thumbnail","hentry","category-minuto-a-minuto","category-zona-blanca","tag-poder-judicial-de-oaxaca"],"jetpack_featured_media_url":"https:\/\/zonaroja.com.mx\/wp-content\/uploads\/2021\/05\/Proteccion-de-los-derechos-de-la-ninez-en-casos-judiciales.jpg","jetpack_sharing_enabled":true,"_links":{"self":[{"href":"https:\/\/zonaroja.com.mx\/index.php?rest_route=\/wp\/v2\/posts\/26920","targetHints":{"allow":["GET"]}}],"collection":[{"href":"https:\/\/zonaroja.com.mx\/index.php?rest_route=\/wp\/v2\/posts"}],"about":[{"href":"https:\/\/zonaroja.com.mx\/index.php?rest_route=\/wp\/v2\/types\/post"}],"author":[{"embeddable":true,"href":"https:\/\/zonaroja.com.mx\/index.php?rest_route=\/wp\/v2\/users\/2"}],"replies":[{"embeddable":true,"href":"https:\/\/zonaroja.com.mx\/index.php?rest_route=%2Fwp%2Fv2%2Fcomments&post=26920"}],"version-history":[{"count":1,"href":"https:\/\/zonaroja.com.mx\/index.php?rest_route=\/wp\/v2\/posts\/26920\/revisions"}],"predecessor-version":[{"id":26922,"href":"https:\/\/zonaroja.com.mx\/index.php?rest_route=\/wp\/v2\/posts\/26920\/revisions\/26922"}],"wp:featuredmedia":[{"embeddable":true,"href":"https:\/\/zonaroja.com.mx\/index.php?rest_route=\/wp\/v2\/media\/26921"}],"wp:attachment":[{"href":"https:\/\/zonaroja.com.mx\/index.php?rest_route=%2Fwp%2Fv2%2Fmedia&parent=26920"}],"wp:term":[{"taxonomy":"category","embeddable":true,"href":"https:\/\/zonaroja.com.mx\/index.php?rest_route=%2Fwp%2Fv2%2Fcategories&post=26920"},{"taxonomy":"post_tag","embeddable":true,"href":"https:\/\/zonaroja.com.mx\/index.php?rest_route=%2Fwp%2Fv2%2Ftags&post=26920"}],"curies":[{"name":"wp","href":"https:\/\/api.w.org\/{rel}","templated":true}]}}