{"id":26926,"date":"2021-05-07T09:59:00","date_gmt":"2021-05-07T14:59:00","guid":{"rendered":"https:\/\/www.zonaroja.com.mx\/?p=26926"},"modified":"2021-05-07T09:59:03","modified_gmt":"2021-05-07T14:59:03","slug":"detienen-a-la-edil-de-nochixtlan-y-dos-mas-por-desaparicion-de-claudia-uruchurtu","status":"publish","type":"post","link":"https:\/\/zonaroja.com.mx\/?p=26926","title":{"rendered":"Detienen a la edil de Nochixtl\u00e1n y dos m\u00e1s por desaparici\u00f3n de Claudia Uruchurtu"},"content":{"rendered":"\n<p class=\"MsoNormal\">Evlin Arag\u00f3n\/Zona Roja.&nbsp;<\/p>\n\n\n\n<p class=\"MsoNormal\">&nbsp;Oaxaca de Ju\u00e1rez, Oax., 7 de mayo de 2021.-&nbsp;A m\u00e1s de un mes de no saber sobre el paradero de Claudia Uruchurtu, la madrugada de&nbsp;<a href=\"\/\/0\">este viernes<\/a>&nbsp;fue detenida la presidenta municipal con licencia de Asunci\u00f3n Nochixtl\u00e1n, Lizbeth Victoria Huerta, por su probable participaci\u00f3n en la desaparici\u00f3n forzada de la mujer.&nbsp;<\/p>\n\n\n\n<p class=\"MsoNormal\">La tambi\u00e9n candidata de Morena a la presidencia municipal, por reelecci\u00f3n, fue detenida junto con dos personas m\u00e1s, quienes se desempe\u00f1aban como personal de seguridad en la localidad y que tambi\u00e9n han sido se\u00f1alados de estar involucrados.&nbsp;&nbsp;<\/p>\n\n\n\n<p class=\"MsoNormal\">De acuerdo con los primeros reportes fueron elementos de la Agencia Estatal de Investigaciones (AEI) quienes ejecutaron una orden de aprehensi\u00f3n en contra de la edil con licencia y dos personas m\u00e1s, en medio de un operativo que se realiz\u00f3 cerca&nbsp;<a href=\"\/\/1\">de las cuatro de la ma\u00f1ana<\/a>.&nbsp;<\/p>\n\n\n\n<p class=\"MsoNormal\">Desde el momento de la desaparici\u00f3n de la mujer de 48 a\u00f1os de edad, su familia se moviliz\u00f3 y pidi\u00f3 el respaldo de medios nacionales de informaci\u00f3n para dar a conocer la situaci\u00f3n, adem\u00e1s de solicitar la intervenci\u00f3n del Parlamento y gobierno brit\u00e1nico, debido a que la hoy desaparecida cuenta con doble nacionalidad.&nbsp;<\/p>\n\n\n\n<p class=\"MsoNormal\">La desaparici\u00f3n de Claudia se registr\u00f3 la noche del 26 de marzo, alrededor&nbsp;<a href=\"\/\/4\">de las once de la noche<\/a>, mientras la poblaci\u00f3n protestaba por la detenci\u00f3n de Alfonso Avenda\u00f1o, acci\u00f3n que explicaron fue dispersada por la polic\u00eda municipal de Nochixtl\u00e1n, quien se presume \u201clevant\u00f3\u201d a la mujer.&nbsp;&nbsp;<\/p>\n\n\n\n<p class=\"xmsonormal\">Previo a su desaparici\u00f3n&nbsp;hab\u00eda presentado varias denuncias al \u00d3rgano de Fiscalizaci\u00f3n del Estado por desv\u00edos de recursos en el municipio por la actual administraci\u00f3n, encabezada por Victoria Huerta, adem\u00e1s que hab\u00eda participado en diversas acciones de un grupo inconforme con el actuar de la autoridad municipal. &nbsp;&nbsp;<\/p>\n\n\n\n<p class=\"xmsonormal\">De ah\u00ed que sus familiares denunciaron la desaparici\u00f3n forzada y de Estado en contra de Claudia, y responsabilizaron a la edil junto con sus elementos de seguridad de los hechos.&nbsp;<\/p>\n\n\n\n<p class=\"MsoNormal\">\u201cLo \u00fanico que no vamos a permitir es que mi hermana se vuelva un n\u00famero m\u00e1s en las estad\u00edsticas de esta comunidad, de este estado y del pa\u00eds\u201d, se\u00f1alaron en la primera conferencia de prensa que brindaron para dar a conocer la situaci\u00f3n.  <\/p>\n","protected":false},"excerpt":{"rendered":"<p>Evlin Arag\u00f3n\/Zona Roja.&nbsp; &nbsp;Oaxaca de Ju\u00e1rez, Oax., 7 de mayo de 2021.-&nbsp;A m\u00e1s de un&hellip;<\/p>\n","protected":false},"author":2,"featured_media":26925,"comment_status":"closed","ping_status":"open","sticky":false,"template":"","format":"standard","meta":{"_lmt_disableupdate":"","_lmt_disable":"","_jetpack_memberships_contains_paid_content":false,"footnotes":""},"categories":[109,47],"tags":[2083],"class_list":["post-26926","post","type-post","status-publish","format-standard","has-post-thumbnail","hentry","category-minuto-a-minuto","category-zona-gris","tag-lizbeth-victoria-huerta"],"jetpack_featured_media_url":"https:\/\/zonaroja.com.mx\/wp-content\/uploads\/2021\/05\/b34485ef-7e2f-4bff-963c-2e85d19e6924.jpg","jetpack_sharing_enabled":true,"_links":{"self":[{"href":"https:\/\/zonaroja.com.mx\/index.php?rest_route=\/wp\/v2\/posts\/26926","targetHints":{"allow":["GET"]}}],"collection":[{"href":"https:\/\/zonaroja.com.mx\/index.php?rest_route=\/wp\/v2\/posts"}],"about":[{"href":"https:\/\/zonaroja.com.mx\/index.php?rest_route=\/wp\/v2\/types\/post"}],"author":[{"embeddable":true,"href":"https:\/\/zonaroja.com.mx\/index.php?rest_route=\/wp\/v2\/users\/2"}],"replies":[{"embeddable":true,"href":"https:\/\/zonaroja.com.mx\/index.php?rest_route=%2Fwp%2Fv2%2Fcomments&post=26926"}],"version-history":[{"count":1,"href":"https:\/\/zonaroja.com.mx\/index.php?rest_route=\/wp\/v2\/posts\/26926\/revisions"}],"predecessor-version":[{"id":26927,"href":"https:\/\/zonaroja.com.mx\/index.php?rest_route=\/wp\/v2\/posts\/26926\/revisions\/26927"}],"wp:featuredmedia":[{"embeddable":true,"href":"https:\/\/zonaroja.com.mx\/index.php?rest_route=\/wp\/v2\/media\/26925"}],"wp:attachment":[{"href":"https:\/\/zonaroja.com.mx\/index.php?rest_route=%2Fwp%2Fv2%2Fmedia&parent=26926"}],"wp:term":[{"taxonomy":"category","embeddable":true,"href":"https:\/\/zonaroja.com.mx\/index.php?rest_route=%2Fwp%2Fv2%2Fcategories&post=26926"},{"taxonomy":"post_tag","embeddable":true,"href":"https:\/\/zonaroja.com.mx\/index.php?rest_route=%2Fwp%2Fv2%2Ftags&post=26926"}],"curies":[{"name":"wp","href":"https:\/\/api.w.org\/{rel}","templated":true}]}}