{"id":26929,"date":"2021-05-07T13:03:52","date_gmt":"2021-05-07T18:03:52","guid":{"rendered":"https:\/\/www.zonaroja.com.mx\/?p=26929"},"modified":"2021-05-07T13:07:13","modified_gmt":"2021-05-07T18:07:13","slug":"familia-de-claudia-uruchurtu-reconoce-detencion-de-presidenta-de-nochixtlan","status":"publish","type":"post","link":"https:\/\/zonaroja.com.mx\/?p=26929","title":{"rendered":"Familia de Claudia Uruchurtu reconoce detenci\u00f3n de presidenta de Nochixtl\u00e1n"},"content":{"rendered":"\n<p class=\"MsoNormal\">Yuridiana Sosa\/Zona Roja.&nbsp;<\/p>\n\n\n\n<p class=\"MsoNormal\">Oaxaca de Ju\u00e1rez, Oax., 7 de mayo de 2021.- &nbsp;La familia de Claudia Uruchurtu Cruz continuar\u00e1 con la exigencia de la localizaci\u00f3n de la mujer desaparecida en Asunci\u00f3n Nochixtl\u00e1n y por cuyo caso&nbsp;<a href=\"\/\/1\">este viernes<\/a>&nbsp;fue detenida la presidenta municipal, Lizbeth Victoria Huerta, por su presunta responsabilidad.<\/p>\n\n\n\n<p class=\"MsoNormal\">Ante la aprehensi\u00f3n de la edil del partido Morena y candidata a reelegirse por ese mismo partido, y de dos varones m\u00e1s, las hermanas de Claudia, Elizabeth y Sara Uruchurtu manifestaron su posicionamiento en conferencia de prensa, pues su hermana sigue desaparecida dese hace 42 d\u00edas.<\/p>\n\n\n\n<p class=\"MsoNormal\">\u201cHemos sido insistentes en se\u00f1alar que las intromisiones pol\u00edticas no nos iban a detener para que nos regresen a Claudia\u201d, se\u00f1alaron las hermanas, quienes arribaron a M\u00e9xico provenientes de Reino Unido para exigir a las autoridades y organismos defensores de derechos humanos, de nivel nacional e internacional, su intervenci\u00f3n.<\/p>\n\n\n\n<p class=\"MsoNormal\">Apuntaron que \u201ces alentador reconocer que la indiciada Lizbeth Victoria Huerta, aunque pertenezca al partido gobernante en M\u00e9xico sea hoy detenida\u201d.<\/p>\n\n\n\n<p class=\"MsoNormal\">La detenci\u00f3n de Lizbeth Victoria significa una esperanza de que en M\u00e9xico la idea del Estado de Derecho no es s\u00f3lo un mito, destacaron Elizabeth y Sara, quienes al igual que Claudia tienen la doble nacionalidad mexicana y brit\u00e1nica.<\/p>\n\n\n\n<p class=\"MsoNormal\">Sin embargo, insistieron en que ahora el trabajo de las autoridades debe continuar en la localizaci\u00f3n de Claudia. \u201cAhora lo que sigue es encontrarla, saber d\u00f3nde est\u00e1 y saber d\u00f3nde la tienen\u201d.<\/p>\n\n\n\n<p class=\"MsoNormal\">MORENA DEBE UNA DISCULPA<\/p>\n\n\n\n<p class=\"MsoNormal\">Elizabeth y Sara Uruchurtu Cruz precisaron que el partido de Morena debe una explicaci\u00f3n a la sociedad por este caso, mientras que en Nochixtl\u00e1n, \u201cMorena debe pedir perd\u00f3n y no votos\u201d, pues el gobierno de la esperanza se convirti\u00f3 en una pesadilla.&nbsp;<\/p>\n\n\n\n<p class=\"MsoNormal\">\u201cConfiamos que el proyecto de gobierno de la 4T sea congruente y se aplique justicia\u201d, reafirmaron, pues la presunta responsable tambi\u00e9n es candidata a la reelecci\u00f3n.<\/p>\n\n\n\n<p class=\"MsoNormal\">Las hermanas recordaron que Claudia document\u00f3 y present\u00f3 sus denuncias por probables actos de corrupci\u00f3n del gobierno de Lizbeth Victoria ante la Fiscal\u00eda Anticorrupci\u00f3n en Oaxaca, ante el \u00d3rgano Superior de Fiscalizaci\u00f3n del Estado, ante la Presidencia de la Republica y ante diversos medios de comunicaci\u00f3n<\/p>\n\n\n\n<p class=\"MsoNormal\">Por lo que apuntan que esas fueron las razones para que la presidenta y la polic\u00eda municipal fraguaran el plan para desaparecerla.<\/p>\n","protected":false},"excerpt":{"rendered":"<p>Yuridiana Sosa\/Zona Roja.&nbsp; Oaxaca de Ju\u00e1rez, Oax., 7 de mayo de 2021.- &nbsp;La familia de&hellip;<\/p>\n","protected":false},"author":2,"featured_media":26928,"comment_status":"closed","ping_status":"open","sticky":false,"template":"","format":"standard","meta":{"_lmt_disableupdate":"","_lmt_disable":"","_jetpack_memberships_contains_paid_content":false,"footnotes":""},"categories":[109,47],"tags":[2582],"class_list":["post-26929","post","type-post","status-publish","format-standard","has-post-thumbnail","hentry","category-minuto-a-minuto","category-zona-gris","tag-claudia-uruchurtu-cruz"],"jetpack_featured_media_url":"https:\/\/zonaroja.com.mx\/wp-content\/uploads\/2021\/05\/b80fe86b-8f12-48bb-8738-d583cfa4b81f.jpg","jetpack_sharing_enabled":true,"_links":{"self":[{"href":"https:\/\/zonaroja.com.mx\/index.php?rest_route=\/wp\/v2\/posts\/26929","targetHints":{"allow":["GET"]}}],"collection":[{"href":"https:\/\/zonaroja.com.mx\/index.php?rest_route=\/wp\/v2\/posts"}],"about":[{"href":"https:\/\/zonaroja.com.mx\/index.php?rest_route=\/wp\/v2\/types\/post"}],"author":[{"embeddable":true,"href":"https:\/\/zonaroja.com.mx\/index.php?rest_route=\/wp\/v2\/users\/2"}],"replies":[{"embeddable":true,"href":"https:\/\/zonaroja.com.mx\/index.php?rest_route=%2Fwp%2Fv2%2Fcomments&post=26929"}],"version-history":[{"count":1,"href":"https:\/\/zonaroja.com.mx\/index.php?rest_route=\/wp\/v2\/posts\/26929\/revisions"}],"predecessor-version":[{"id":26930,"href":"https:\/\/zonaroja.com.mx\/index.php?rest_route=\/wp\/v2\/posts\/26929\/revisions\/26930"}],"wp:featuredmedia":[{"embeddable":true,"href":"https:\/\/zonaroja.com.mx\/index.php?rest_route=\/wp\/v2\/media\/26928"}],"wp:attachment":[{"href":"https:\/\/zonaroja.com.mx\/index.php?rest_route=%2Fwp%2Fv2%2Fmedia&parent=26929"}],"wp:term":[{"taxonomy":"category","embeddable":true,"href":"https:\/\/zonaroja.com.mx\/index.php?rest_route=%2Fwp%2Fv2%2Fcategories&post=26929"},{"taxonomy":"post_tag","embeddable":true,"href":"https:\/\/zonaroja.com.mx\/index.php?rest_route=%2Fwp%2Fv2%2Ftags&post=26929"}],"curies":[{"name":"wp","href":"https:\/\/api.w.org\/{rel}","templated":true}]}}