{"id":2693,"date":"2019-07-31T21:35:34","date_gmt":"2019-08-01T02:35:34","guid":{"rendered":"http:\/\/www.zonaroja.com.mx\/?p=2693"},"modified":"2019-07-31T21:35:37","modified_gmt":"2019-08-01T02:35:37","slug":"traigo-pistola-y-si-te-resistes-te-puedo-matar-le-dicen-en-asalto","status":"publish","type":"post","link":"https:\/\/zonaroja.com.mx\/?p=2693","title":{"rendered":"\u201cTraigo pistola y si te resistes te puedo matar\u201d, le dicen en asalto"},"content":{"rendered":"\n<p>Ismael Garc\u00eda M.<\/p>\n\n\n\n<p>Oaxaca de\nJu\u00e1rez, Oax., 31 de julio de 2019.- Plaza \u201cBrena\u201d es un inmueble de renta de\noficinas y locales comerciales ubicado sobre la avenida Pino Su\u00e1rez, frente al\nparque \u201cEl Llano\u201d, una zona concurrida por paseantes y personas que hacen\nejercicio.<\/p>\n\n\n\n<p>Pasaban de\nlas tres de la tarde cuando al menos dos individuos, con uniforme de la\ncompa\u00f1\u00eda de paqueter\u00eda DHL, ingresaron al local 6-A de dicho edificio, sede de\nProductos y Servicios Comerciales. <\/p>\n\n\n\n<p>Sin mediar palabra amagaron a una empleada, le quitaron su tel\u00e9fono y la encerraron en el ba\u00f1o.<\/p>\n\n\n\n<figure class=\"wp-block-embed-twitter wp-block-embed is-type-rich is-provider-twitter\"><div class=\"wp-block-embed__wrapper\">\n<div class=\"twitter-tweet\"><blockquote class=\"twitter-tweet\" data-lang=\"es\"><p lang=\"es\" dir=\"ltr\"><a href=\"https:\/\/twitter.com\/hashtag\/OaxacaRojo?src=hash&amp;ref_src=twsrc%5Etfw\">#OaxacaRojo<\/a><br>A plena luz del d\u00eda y en el Centro Hist\u00f3rico de la ciudad de Oaxaca, dos armados disfrazados con uniforme de empresa de paqueter\u00eda, asaltan un local comercial en Plaza \u201cBrena\u201d, calle Pino Su\u00e1rez, frente al parque \u201cEl Llano\u201d. Nula presencia de <a href=\"https:\/\/twitter.com\/MunicipioSeguro?ref_src=twsrc%5Etfw\">@MunicipioSeguro<\/a>. <a href=\"https:\/\/t.co\/5bpkdaCICN\">pic.twitter.com\/5bpkdaCICN<\/a><\/p>&mdash; Zona Roja Oaxaca (@MexRoja) <a href=\"https:\/\/twitter.com\/MexRoja\/status\/1156671613070270464?ref_src=twsrc%5Etfw\">31 de julio de 2019<\/a><\/blockquote><\/div>\n<\/div><\/figure>\n\n\n\n<p>\u201cCuando abr\u00ed\nla puerta, me taparon la cabeza y me metieron en el ba\u00f1o, me inclinaron, me\namarraron las manos. Me dijeron que no saliera porque me estaban vigilando e\niban a matar a mis familiares.<\/p>\n\n\n\n<p>\u201cEran dos personas\nque vi, una chava y un se\u00f1or; dijeron \u2018traigo pistola y si te resistes te puedo\nmatar\u2019. Les dije \u2018no pasa nada, no pasa nada\u2019\u201d. <\/p>\n\n\n\n<p>As\u00ed narr\u00f3\nArlette el momento del asalto, a la luz del d\u00eda y pese a la cercan\u00eda de otros\nlocales, as\u00ed como de la zona rodeada de restaurantes, una sucursal bancaria, al\nmenos dos iglesias, entre otros.<\/p>\n\n\n\n<p>Sin embargo,\nno hab\u00eda en ese momento polic\u00edas municipales en la zona. Tras los hechos,\narribaron elementos estatales y municipales, adem\u00e1s de la Agencia Estatal de\nInvestigaciones; sin embargo, al momento no hay mayores pistas de los\ndelincuentes.<\/p>\n\n\n\n<p>OTRO CASO<\/p>\n\n\n\n<figure class=\"wp-block-image\"><img decoding=\"async\" width=\"1024\" height=\"576\" src=\"http:\/\/www.zonaroja.com.mx\/wp-content\/uploads\/2019\/07\/bcf661c8-68f0-4763-a2c1-50010b158b39-1024x576.jpg\" alt=\"\" class=\"wp-image-2694\" srcset=\"https:\/\/zonaroja.com.mx\/wp-content\/uploads\/2019\/07\/bcf661c8-68f0-4763-a2c1-50010b158b39-1024x576.jpg 1024w, https:\/\/zonaroja.com.mx\/wp-content\/uploads\/2019\/07\/bcf661c8-68f0-4763-a2c1-50010b158b39-300x169.jpg 300w, https:\/\/zonaroja.com.mx\/wp-content\/uploads\/2019\/07\/bcf661c8-68f0-4763-a2c1-50010b158b39-768x432.jpg 768w, https:\/\/zonaroja.com.mx\/wp-content\/uploads\/2019\/07\/bcf661c8-68f0-4763-a2c1-50010b158b39-1170x658.jpg 1170w, https:\/\/zonaroja.com.mx\/wp-content\/uploads\/2019\/07\/bcf661c8-68f0-4763-a2c1-50010b158b39-585x329.jpg 585w, https:\/\/zonaroja.com.mx\/wp-content\/uploads\/2019\/07\/bcf661c8-68f0-4763-a2c1-50010b158b39.jpg 1280w\" sizes=\"(max-width: 1024px) 100vw, 1024px\" \/><\/figure>\n\n\n\n<p>Pero no fue\nel \u00fanico caso de este mi\u00e9rcoles. Por la tarde, de acuerdo con una\nvideograbaci\u00f3n, cerca de las seis de la tarde un solitario individuo, con\ncuchillo en mano, ingres\u00f3 a la tienda de art\u00edculos de piel \u201cD Mary\u201d.<\/p>\n\n\n\n<p>Tras amagar a la empleada del establecimiento, ubicado en el n\u00famero 305 de la calle 20 de Noviembre, a cuadra y media del z\u00f3calo, pidi\u00f3 todo el dinero de la cuenta del d\u00eda y se retir\u00f3 tranquilamente. A la zona no llegaron los polic\u00edas municipales sino hasta despu\u00e9s del grito de auxilio de la v\u00edctima.<\/p>\n\n\n\n<figure class=\"wp-block-embed-twitter wp-block-embed is-type-rich is-provider-twitter\"><div class=\"wp-block-embed__wrapper\">\n<div class=\"twitter-tweet\"><blockquote class=\"twitter-tweet\" data-lang=\"es\"><p lang=\"es\" dir=\"ltr\"><a href=\"https:\/\/twitter.com\/hashtag\/OaxacaRojo?src=hash&amp;ref_src=twsrc%5Etfw\">#OaxacaRojo<\/a><br>Terrible la inseguridad en Oaxaca. La tarde de este mi\u00e9rcoles, a una cuadra y media del z\u00f3calo de la capital, solitario individuo asalta a joven de tienda de art\u00edculos de piel y se va tranquilamente. Nula vigilancia <a href=\"https:\/\/twitter.com\/MunicipioSeguro?ref_src=twsrc%5Etfw\">@MunicipioSeguro<\/a> <a href=\"https:\/\/twitter.com\/oswaldogarciaj?ref_src=twsrc%5Etfw\">@oswaldogarciaj<\/a> <a href=\"https:\/\/t.co\/HXC3VoW1Ev\">pic.twitter.com\/HXC3VoW1Ev<\/a><\/p>&mdash; Zona Roja Oaxaca (@MexRoja) <a href=\"https:\/\/twitter.com\/MexRoja\/status\/1156752858936688641?ref_src=twsrc%5Etfw\">1 de agosto de 2019<\/a><\/blockquote><\/div>\n<\/div><\/figure>\n","protected":false},"excerpt":{"rendered":"<p>Ismael Garc\u00eda M. Oaxaca de Ju\u00e1rez, Oax., 31 de julio de 2019.- Plaza \u201cBrena\u201d es&hellip;<\/p>\n","protected":false},"author":2,"featured_media":2695,"comment_status":"closed","ping_status":"open","sticky":false,"template":"","format":"standard","meta":{"_lmt_disableupdate":"","_lmt_disable":"","_jetpack_memberships_contains_paid_content":false,"footnotes":""},"categories":[109,51],"tags":[],"class_list":["post-2693","post","type-post","status-publish","format-standard","has-post-thumbnail","hentry","category-minuto-a-minuto","category-zona-roja"],"jetpack_featured_media_url":"https:\/\/zonaroja.com.mx\/wp-content\/uploads\/2019\/07\/IMG_4767.jpg","jetpack_sharing_enabled":true,"_links":{"self":[{"href":"https:\/\/zonaroja.com.mx\/index.php?rest_route=\/wp\/v2\/posts\/2693","targetHints":{"allow":["GET"]}}],"collection":[{"href":"https:\/\/zonaroja.com.mx\/index.php?rest_route=\/wp\/v2\/posts"}],"about":[{"href":"https:\/\/zonaroja.com.mx\/index.php?rest_route=\/wp\/v2\/types\/post"}],"author":[{"embeddable":true,"href":"https:\/\/zonaroja.com.mx\/index.php?rest_route=\/wp\/v2\/users\/2"}],"replies":[{"embeddable":true,"href":"https:\/\/zonaroja.com.mx\/index.php?rest_route=%2Fwp%2Fv2%2Fcomments&post=2693"}],"version-history":[{"count":1,"href":"https:\/\/zonaroja.com.mx\/index.php?rest_route=\/wp\/v2\/posts\/2693\/revisions"}],"predecessor-version":[{"id":2696,"href":"https:\/\/zonaroja.com.mx\/index.php?rest_route=\/wp\/v2\/posts\/2693\/revisions\/2696"}],"wp:featuredmedia":[{"embeddable":true,"href":"https:\/\/zonaroja.com.mx\/index.php?rest_route=\/wp\/v2\/media\/2695"}],"wp:attachment":[{"href":"https:\/\/zonaroja.com.mx\/index.php?rest_route=%2Fwp%2Fv2%2Fmedia&parent=2693"}],"wp:term":[{"taxonomy":"category","embeddable":true,"href":"https:\/\/zonaroja.com.mx\/index.php?rest_route=%2Fwp%2Fv2%2Fcategories&post=2693"},{"taxonomy":"post_tag","embeddable":true,"href":"https:\/\/zonaroja.com.mx\/index.php?rest_route=%2Fwp%2Fv2%2Ftags&post=2693"}],"curies":[{"name":"wp","href":"https:\/\/api.w.org\/{rel}","templated":true}]}}