{"id":26931,"date":"2021-05-07T15:07:55","date_gmt":"2021-05-07T20:07:55","guid":{"rendered":"http:\/\/www.zonaroja.com.mx\/?p=26931"},"modified":"2021-05-07T15:07:58","modified_gmt":"2021-05-07T20:07:58","slug":"gremio-mezcalero-reitera-rechazo-a-la-reeleccion-de-hipocrates-nolasco","status":"publish","type":"post","link":"https:\/\/zonaroja.com.mx\/?p=26931","title":{"rendered":"Gremio mezcalero reitera rechazo a la reelecci\u00f3n de Hip\u00f3crates Nolasco"},"content":{"rendered":"\n<p>Evlin Arag\u00f3n\/Zona Roja.<\/p>\n\n\n\n<p>Tlacolula de Matamoros, Oax., 7 de mayo de 2021.- Al grito de \u00a1fuera imposiciones!, decenas de productores de mezcal se manifestaron este viernes, en inmediaciones de una empresa mezcalera del municipio de Tlacolula, debido al en\u00e9simo intento de reelecci\u00f3n de Hip\u00f3crates Nolasco Cancino al frente del Consejo Regulador de la Calidad del Mezcal (Comercam), ello por medio de la modificaci\u00f3n de estatutos a modo.&nbsp;<\/p>\n\n\n\n<p>Y es que de acuerdo con las y los manifestantes, este d\u00eda se lleva a cabo una asamblea extraordinaria en la cual 40 personas, que no representan a la mayor\u00eda de asociados &#8211;que son cerca de tres mil&#8211;, pretenden cambiar los lineamientos del \u00f3rgano regulador a fin de que Nolasco Cancino pueda ser reelecto.&nbsp;<\/p>\n\n\n\n<p>Reclamaron que las personas que pretenden dar el albazo no fueron electas en ninguna asamblea ordinaria y tampoco hubo consenso con la mayor\u00eda de las personas asociadas que se encuentran inconformes con el actuar del presidente del Consejo Regulador, a seis d\u00edas de que concluya su mandato.<\/p>\n\n\n\n<p>Adem\u00e1s, evidenciaron que el cambio de estatutos solo beneficia a empresas grandes y dejan en la indefensi\u00f3n a los verdaderos mezcaleros que mantienen la tradici\u00f3n en la elaboraci\u00f3n de la bebida como parte del patrimonio que han heredado de generaci\u00f3n en generaci\u00f3n.\u00a0<\/p>\n\n\n\n<figure class=\"wp-block-embed-twitter wp-block-embed is-type-rich is-provider-twitter\"><div class=\"wp-block-embed__wrapper\">\n<div class=\"twitter-tweet\"><blockquote class=\"twitter-tweet\" data-lang=\"es\"><p lang=\"es\" dir=\"ltr\"><a href=\"https:\/\/twitter.com\/hashtag\/ENVIVO?src=hash&amp;ref_src=twsrc%5Etfw\">#ENVIVO<\/a><br>Tlacolula de Matamoros, Oax., 7 de mayo de 2021.- Conferencia de prensa de productores de mezcal, ante la elecci\u00f3n en el Consejo Regulador de la Calidad del Mezcal (Comercam) y los intentos de en\u00e9sima reelecci\u00f3n de Hip\u00f3crates Nolasco. <br>Transmisi\u00f3n:<a href=\"https:\/\/t.co\/Ib9Ulx6wRd\">https:\/\/t.co\/Ib9Ulx6wRd<\/a> <a href=\"https:\/\/t.co\/Gdgu5NqsiK\">pic.twitter.com\/Gdgu5NqsiK<\/a><\/p>&mdash; Zona Roja Oaxaca (@Zona_Roja_Oax) <a href=\"https:\/\/twitter.com\/Zona_Roja_Oax\/status\/1390679223375962112?ref_src=twsrc%5Etfw\">7 de mayo de 2021<\/a><\/blockquote><\/div>\n<\/div><\/figure>\n\n\n\n<p>\u201cLos estatutos quieren ser cambiados para beneficiar a la actual mesa directiva, Hip\u00f3crates lo que pretende es seguir dentro del Comercam, est\u00e1 buscando la manera de seguir enriqueci\u00e9ndose a costa de todos nosotros como mezcaleros\u201d, dijo uno de los inconformes, Nicol\u00e1s Cruz, de San Dionisio Ocotepec.\u00a0\u00a0<\/p>\n\n\n\n<p>Durante la conferencia, calificaron de \u201cvil vividor\u201d al actuar representante de la Comercam, incluso lo vincularon con el \u201chuachicoleo\u201d y lo acusaron de lucrar por medio de su laboratorio que se encarga de certificar la bebida, siendo juez y parte en la industria mezcalera.&nbsp;<\/p>\n\n\n\n<p>Recordaron que fue Hip\u00f3crates Nolasco quien dio el permiso para que los tequileros se llevaran el maguey oaxaque\u00f1o y quien promovi\u00f3 la denominaci\u00f3n de origen de la bebida en otros estados como Puebla y Michoac\u00e1n, traicionando al gremio oaxaque\u00f1o de quien solo se aprovecha.&nbsp;<\/p>\n\n\n\n<p>Por lo anterior, explicaron que han convocado a una reuni\u00f3n ordinaria para el pr\u00f3ximo 15 de mayo con sede en San Dionisio Ocotepec, en la que esperan la presencia de la mayor\u00eda de asociados, que en total asciende a dos mil 400 personas y donde desconocer\u00e1n al actual presidente e impulsar\u00e1n a su propio candidato.&nbsp;<\/p>\n","protected":false},"excerpt":{"rendered":"<p>Evlin Arag\u00f3n\/Zona Roja. Tlacolula de Matamoros, Oax., 7 de mayo de 2021.- Al grito de&hellip;<\/p>\n","protected":false},"author":2,"featured_media":26932,"comment_status":"closed","ping_status":"open","sticky":false,"template":"","format":"standard","meta":{"_lmt_disableupdate":"","_lmt_disable":"","_jetpack_memberships_contains_paid_content":false,"footnotes":""},"categories":[1],"tags":[],"class_list":["post-26931","post","type-post","status-publish","format-standard","has-post-thumbnail","hentry","category-sin-categoria"],"jetpack_featured_media_url":"https:\/\/zonaroja.com.mx\/wp-content\/uploads\/2021\/05\/Conferencia-mezcaleros.jpg","jetpack_sharing_enabled":true,"_links":{"self":[{"href":"https:\/\/zonaroja.com.mx\/index.php?rest_route=\/wp\/v2\/posts\/26931","targetHints":{"allow":["GET"]}}],"collection":[{"href":"https:\/\/zonaroja.com.mx\/index.php?rest_route=\/wp\/v2\/posts"}],"about":[{"href":"https:\/\/zonaroja.com.mx\/index.php?rest_route=\/wp\/v2\/types\/post"}],"author":[{"embeddable":true,"href":"https:\/\/zonaroja.com.mx\/index.php?rest_route=\/wp\/v2\/users\/2"}],"replies":[{"embeddable":true,"href":"https:\/\/zonaroja.com.mx\/index.php?rest_route=%2Fwp%2Fv2%2Fcomments&post=26931"}],"version-history":[{"count":1,"href":"https:\/\/zonaroja.com.mx\/index.php?rest_route=\/wp\/v2\/posts\/26931\/revisions"}],"predecessor-version":[{"id":26933,"href":"https:\/\/zonaroja.com.mx\/index.php?rest_route=\/wp\/v2\/posts\/26931\/revisions\/26933"}],"wp:featuredmedia":[{"embeddable":true,"href":"https:\/\/zonaroja.com.mx\/index.php?rest_route=\/wp\/v2\/media\/26932"}],"wp:attachment":[{"href":"https:\/\/zonaroja.com.mx\/index.php?rest_route=%2Fwp%2Fv2%2Fmedia&parent=26931"}],"wp:term":[{"taxonomy":"category","embeddable":true,"href":"https:\/\/zonaroja.com.mx\/index.php?rest_route=%2Fwp%2Fv2%2Fcategories&post=26931"},{"taxonomy":"post_tag","embeddable":true,"href":"https:\/\/zonaroja.com.mx\/index.php?rest_route=%2Fwp%2Fv2%2Ftags&post=26931"}],"curies":[{"name":"wp","href":"https:\/\/api.w.org\/{rel}","templated":true}]}}