{"id":26937,"date":"2021-05-07T21:52:57","date_gmt":"2021-05-08T02:52:57","guid":{"rendered":"http:\/\/www.zonaroja.com.mx\/?p=26937"},"modified":"2021-05-07T21:53:01","modified_gmt":"2021-05-08T02:53:01","slug":"dirigente-de-pan-condena-violencia-politica-en-oaxaca-y-exige-a-segob-seguridad","status":"publish","type":"post","link":"https:\/\/zonaroja.com.mx\/?p=26937","title":{"rendered":"Dirigente de PAN condena violencia pol\u00edtica en Oaxaca y exige a Segob seguridad"},"content":{"rendered":"\n<p>Yuridiana Sosa\/Zona Roja.<\/p>\n\n\n\n<p>Oaxaca de Ju\u00e1rez, Oax., 7 de mayo de 2021.- La inseguridad generalizada en Oaxaca, adem\u00e1s de los hechos relacionados a la violencia pol\u00edtica, fueron condenados por el presidente nacional del Partido Acci\u00f3n Nacional (PAN), Marko Antonio Cort\u00e9s Mendoza, en su visita a la entidad.<\/p>\n\n\n\n<p>En conferencia de prensa, lament\u00f3 el asesinato de Leonardo D\u00edaz Cruz, padre de la diputada federal y dirigente del PAN en Oaxaca, Natividad D\u00edaz Jim\u00e9nez, del candidato a la diputaci\u00f3n local de Ejutla y candidato a la presidencia de Ejutla de Crespo, Leonardo y Carlos Armando D\u00edaz Jim\u00e9nez, respectivamente.<\/p>\n\n\n\n<p>Por actos como ese, dijo que demand\u00f3 a la titular de la Secretar\u00eda de Gobernaci\u00f3n en M\u00e9xico, Olga S\u00e1nchez Cordero, que garantice la seguridad para todos los candidatos en el pa\u00eds de los diferentes partidos, para el desarrollo de una jornada electoral en paz.<\/p>\n\n\n\n<figure class=\"wp-block-embed-twitter wp-block-embed is-type-rich is-provider-twitter\"><div class=\"wp-block-embed__wrapper\">\n<div class=\"twitter-tweet\"><blockquote class=\"twitter-tweet\" data-lang=\"es\"><p lang=\"es\" dir=\"ltr\"><a href=\"https:\/\/twitter.com\/hashtag\/ENVIVO?src=hash&amp;ref_src=twsrc%5Etfw\">#ENVIVO<\/a><br>Oaxaca de Ju\u00e1rez, Oax., 7 de mayo de 2021.- Conferencia de prensa del Partido Acci\u00f3n Nacional, con la presencia de su dirigente nacional, Marko Cort\u00e9s, respecto al proceso electoral 2021.<br>Siga la transmisi\u00f3n:<br>\ud83d\udc47<a href=\"https:\/\/t.co\/CkO9TNmLpa\">https:\/\/t.co\/CkO9TNmLpa<\/a> <a href=\"https:\/\/t.co\/dbAydtewLP\">pic.twitter.com\/dbAydtewLP<\/a><\/p>&mdash; Zona Roja Oaxaca (@Zona_Roja_Oax) <a href=\"https:\/\/twitter.com\/Zona_Roja_Oax\/status\/1390740816620969988?ref_src=twsrc%5Etfw\">7 de mayo de 2021<\/a><\/blockquote><\/div>\n<\/div><\/figure>\n\n\n\n<p>\u201cLa Segob es la responsable de garantizar las condiciones m\u00ednimas democr\u00e1ticas para poder hacer campa\u00f1a, recorridos, y estar en contacto con la sociedad y que tanto la sociedad como los candidatos est\u00e9n seguro\u201d, expres\u00f3 en conferencia de prensa en la sede del PAN en la capital.<\/p>\n\n\n\n<p>Cort\u00e9s Mendoza dijo que su exigencia es para que actos como los ocurridos en Oaxaca, con el asesinato de Leonardo D\u00edaz, que adem\u00e1s fue militante panista, no se repitan. Aunque el l\u00edder no mencion\u00f3 el asesinato a la precandidata del PAN, Ivonne Gallegos.<\/p>\n\n\n\n<p>El dirigente panista visit\u00f3 Oaxaca para respaldar a los candidatos de la alianza \u201cVa por M\u00e9xico\u201d y \u201cVa por Oaxaca\u201d.<\/p>\n\n\n\n<p>Mencion\u00f3 que es urgente obtener la mayor\u00eda en el Congreso federal para garantizar la seguridad en el pa\u00eds, adem\u00e1s de mejores condiciones de vida, pues en el actual gobierno de M\u00e9xico se han registrado altos \u00edndices delictivos que nada tienen que ver con el pa\u00eds que Morena prometi\u00f3.<\/p>\n","protected":false},"excerpt":{"rendered":"<p>Yuridiana Sosa\/Zona Roja. Oaxaca de Ju\u00e1rez, Oax., 7 de mayo de 2021.- La inseguridad generalizada&hellip;<\/p>\n","protected":false},"author":2,"featured_media":26938,"comment_status":"closed","ping_status":"open","sticky":false,"template":"","format":"standard","meta":{"_lmt_disableupdate":"","_lmt_disable":"","_jetpack_memberships_contains_paid_content":false,"footnotes":""},"categories":[109,47],"tags":[2659],"class_list":["post-26937","post","type-post","status-publish","format-standard","has-post-thumbnail","hentry","category-minuto-a-minuto","category-zona-gris","tag-marko-cortes-mendoza"],"jetpack_featured_media_url":"https:\/\/zonaroja.com.mx\/wp-content\/uploads\/2021\/05\/Conferencia-PAN.jpg","jetpack_sharing_enabled":true,"_links":{"self":[{"href":"https:\/\/zonaroja.com.mx\/index.php?rest_route=\/wp\/v2\/posts\/26937","targetHints":{"allow":["GET"]}}],"collection":[{"href":"https:\/\/zonaroja.com.mx\/index.php?rest_route=\/wp\/v2\/posts"}],"about":[{"href":"https:\/\/zonaroja.com.mx\/index.php?rest_route=\/wp\/v2\/types\/post"}],"author":[{"embeddable":true,"href":"https:\/\/zonaroja.com.mx\/index.php?rest_route=\/wp\/v2\/users\/2"}],"replies":[{"embeddable":true,"href":"https:\/\/zonaroja.com.mx\/index.php?rest_route=%2Fwp%2Fv2%2Fcomments&post=26937"}],"version-history":[{"count":1,"href":"https:\/\/zonaroja.com.mx\/index.php?rest_route=\/wp\/v2\/posts\/26937\/revisions"}],"predecessor-version":[{"id":26939,"href":"https:\/\/zonaroja.com.mx\/index.php?rest_route=\/wp\/v2\/posts\/26937\/revisions\/26939"}],"wp:featuredmedia":[{"embeddable":true,"href":"https:\/\/zonaroja.com.mx\/index.php?rest_route=\/wp\/v2\/media\/26938"}],"wp:attachment":[{"href":"https:\/\/zonaroja.com.mx\/index.php?rest_route=%2Fwp%2Fv2%2Fmedia&parent=26937"}],"wp:term":[{"taxonomy":"category","embeddable":true,"href":"https:\/\/zonaroja.com.mx\/index.php?rest_route=%2Fwp%2Fv2%2Fcategories&post=26937"},{"taxonomy":"post_tag","embeddable":true,"href":"https:\/\/zonaroja.com.mx\/index.php?rest_route=%2Fwp%2Fv2%2Ftags&post=26937"}],"curies":[{"name":"wp","href":"https:\/\/api.w.org\/{rel}","templated":true}]}}