{"id":26940,"date":"2021-05-07T22:04:55","date_gmt":"2021-05-08T03:04:55","guid":{"rendered":"http:\/\/www.zonaroja.com.mx\/?p=26940"},"modified":"2021-05-07T22:04:58","modified_gmt":"2021-05-08T03:04:58","slug":"no-cesan-las-muertes-por-covid-en-oaxaca-ahora-26-en-un-dia","status":"publish","type":"post","link":"https:\/\/zonaroja.com.mx\/?p=26940","title":{"rendered":"No cesan las muertes por Covid en Oaxaca: ahora 26 en un d\u00eda"},"content":{"rendered":"\n<p>Redacci\u00f3n\/Zona Roja.<\/p>\n\n\n\n<p>Oaxaca de Ju\u00e1rez, Oax., 7 de mayo de 2021.- Al corte de este viernes 7 de mayo, los Servicios de Salud de Oaxaca (SSO) tienen registrados 83 casos nuevos de Covid-19, sumando 46 mil 324 casos acumulados en toda la entidad, hay 304 casos activos.<\/p>\n\n\n\n<p>De acuerdo con un comunicado, se han notificado 75 mil 965 casos, de los cuales 24 mil 977 han sido negativos, cuatro mil 664 sospechosos, 42 mil 463 recuperados y lamentablemente 26 decesos sumando tres mil 557 defunciones.<\/p>\n\n\n\n<p>Agreg\u00f3 que la Jurisdicci\u00f3n Sanitaria n\u00famero uno Valles Centrales contabiliza 31 mil 606 casos confirmados y mil 849 defunciones, Istmo tres mil 904 y 615 decesos, Tuxtepec dos mil 895 y 346 muertes, Costa dos mil 336 y 244 p\u00e9rdidas fatales, Mixteca tres mil 947 y 341 fallecimientos, y Sierra mil 636 y 162 defunciones.<\/p>\n\n\n\n<p>No cesan las muertes por Covid en Oaxaca: ahora 26 en un d\u00eda<\/p>\n\n\n\n<p>Redacci\u00f3n\/Zona Roja.<\/p>\n\n\n\n<p>Oaxaca de Ju\u00e1rez, Oax., 7 de mayo de 2021.- Al corte de este viernes 7 de mayo, los Servicios de Salud de Oaxaca (SSO) tienen registrados 83 casos nuevos de Covid-19, sumando 46 mil 324 casos acumulados en toda la entidad, hay 304 casos activos.<\/p>\n\n\n\n<p>De acuerdo con un comunicado, se han notificado 75 mil 965 casos, de los cuales 24 mil 977 han sido negativos, cuatro mil 664 sospechosos, 42 mil 463 recuperados y lamentablemente 26 decesos sumando tres mil 557 defunciones.<\/p>\n\n\n\n<p>Agreg\u00f3 que la Jurisdicci\u00f3n Sanitaria n\u00famero uno Valles Centrales contabiliza 31 mil 606 casos confirmados y mil 849 defunciones, Istmo tres mil 904 y 615 decesos, Tuxtepec dos mil 895 y 346 muertes, Costa dos mil 336 y 244 p\u00e9rdidas fatales, Mixteca tres mil 947 y 341 fallecimientos, y Sierra mil 636 y 162 defunciones.<\/p>\n\n\n\n<p>Los 83 casos nuevos se contabilizan en 35 municipios, siendo los que mayor n\u00famero de casos presentan: Oaxaca de Ju\u00e1rez con 18, Santo Domingo Tehuantepec ocho, Juchit\u00e1n de Zaragoza siete, Santa Cruz Xoxocotl\u00e1n cinco, San Antonio de la Cal cuatro; el resto tres, dos y un caso.<\/p>\n\n\n\n<p>De las tres mil 557 defunciones, el grupo de edad m\u00e1s afectado es el de 65 y m\u00e1s a\u00f1os, seguido de 50 a 59 y 60 a 64 a\u00f1os, con mil 684, 784 y 519 respectivamente. Por sexo, dos mil 308 han sido hombres y mil 249 mujeres; las comorbilidades asociadas son la hipertensi\u00f3n arterial, diabetes, obesidad e insuficiencia renal.<\/p>\n\n\n\n<p>Dijo que en relaci\u00f3n a la ocupaci\u00f3n hospitalaria a la fecha hay un total de 561 camas de las cuales 460 est\u00e1n disponibles y ocupadas 101, distribuidas en las seis Jurisdicciones sanitarias; en Valles Centrales 18.6%, Istmo 14.8%, Tuxtepec 20%, Costa 19.6%, Mixteca 25% y la Sierra 0 %.<\/p>\n\n\n\n<p>Los 83 casos nuevos se contabilizan en 35 municipios, siendo los que mayor n\u00famero de casos presentan: Oaxaca de Ju\u00e1rez con 18, Santo Domingo Tehuantepec ocho, Juchit\u00e1n de Zaragoza siete, Santa Cruz Xoxocotl\u00e1n cinco, San Antonio de la Cal cuatro; el resto tres, dos y un caso.<\/p>\n\n\n\n<p>De las tres mil 557 defunciones, el grupo de edad m\u00e1s afectado es el de 65 y m\u00e1s a\u00f1os, seguido de 50 a 59 y 60 a 64 a\u00f1os, con mil 684, 784 y 519 respectivamente. Por sexo, dos mil 308 han sido hombres y mil 249 mujeres; las comorbilidades asociadas son la hipertensi\u00f3n arterial, diabetes, obesidad e insuficiencia renal.<\/p>\n\n\n\n<p>Dijo que en relaci\u00f3n a la ocupaci\u00f3n hospitalaria a la fecha hay un total de 561 camas de las cuales 460 est\u00e1n disponibles y ocupadas 101, distribuidas en las seis Jurisdicciones sanitarias; en Valles Centrales 18.6%, Istmo 14.8%, Tuxtepec 20%, Costa 19.6%, Mixteca 25% y la Sierra 0 %.<\/p>\n","protected":false},"excerpt":{"rendered":"<p>Redacci\u00f3n\/Zona Roja. Oaxaca de Ju\u00e1rez, Oax., 7 de mayo de 2021.- Al corte de este&hellip;<\/p>\n","protected":false},"author":2,"featured_media":26941,"comment_status":"closed","ping_status":"open","sticky":false,"template":"","format":"standard","meta":{"_lmt_disableupdate":"","_lmt_disable":"","_jetpack_memberships_contains_paid_content":false,"footnotes":""},"categories":[109,47],"tags":[1512],"class_list":["post-26940","post","type-post","status-publish","format-standard","has-post-thumbnail","hentry","category-minuto-a-minuto","category-zona-gris","tag-coronavirus-oaxaca"],"jetpack_featured_media_url":"https:\/\/zonaroja.com.mx\/wp-content\/uploads\/2021\/05\/SSO-2-1.jpeg","jetpack_sharing_enabled":true,"_links":{"self":[{"href":"https:\/\/zonaroja.com.mx\/index.php?rest_route=\/wp\/v2\/posts\/26940","targetHints":{"allow":["GET"]}}],"collection":[{"href":"https:\/\/zonaroja.com.mx\/index.php?rest_route=\/wp\/v2\/posts"}],"about":[{"href":"https:\/\/zonaroja.com.mx\/index.php?rest_route=\/wp\/v2\/types\/post"}],"author":[{"embeddable":true,"href":"https:\/\/zonaroja.com.mx\/index.php?rest_route=\/wp\/v2\/users\/2"}],"replies":[{"embeddable":true,"href":"https:\/\/zonaroja.com.mx\/index.php?rest_route=%2Fwp%2Fv2%2Fcomments&post=26940"}],"version-history":[{"count":1,"href":"https:\/\/zonaroja.com.mx\/index.php?rest_route=\/wp\/v2\/posts\/26940\/revisions"}],"predecessor-version":[{"id":26942,"href":"https:\/\/zonaroja.com.mx\/index.php?rest_route=\/wp\/v2\/posts\/26940\/revisions\/26942"}],"wp:featuredmedia":[{"embeddable":true,"href":"https:\/\/zonaroja.com.mx\/index.php?rest_route=\/wp\/v2\/media\/26941"}],"wp:attachment":[{"href":"https:\/\/zonaroja.com.mx\/index.php?rest_route=%2Fwp%2Fv2%2Fmedia&parent=26940"}],"wp:term":[{"taxonomy":"category","embeddable":true,"href":"https:\/\/zonaroja.com.mx\/index.php?rest_route=%2Fwp%2Fv2%2Fcategories&post=26940"},{"taxonomy":"post_tag","embeddable":true,"href":"https:\/\/zonaroja.com.mx\/index.php?rest_route=%2Fwp%2Fv2%2Ftags&post=26940"}],"curies":[{"name":"wp","href":"https:\/\/api.w.org\/{rel}","templated":true}]}}