{"id":26943,"date":"2021-05-08T11:00:57","date_gmt":"2021-05-08T16:00:57","guid":{"rendered":"http:\/\/www.zonaroja.com.mx\/?p=26943"},"modified":"2021-05-07T22:10:51","modified_gmt":"2021-05-08T03:10:51","slug":"elecciones-del-6-de-junio-determinantes-para-el-rumbo-del-pais-fraguas","status":"publish","type":"post","link":"https:\/\/zonaroja.com.mx\/?p=26943","title":{"rendered":"Elecciones del 6 de junio, determinantes para el rumbo del pa\u00eds: Fraguas"},"content":{"rendered":"\n<p>Evlin Arag\u00f3n\/Zona Roja.<\/p>\n\n\n\n<p>Oaxaca de Ju\u00e1rez, Oax., 8 de mayo de 2021.- \u201cTengo cerca de 40 a\u00f1os dedic\u00e1ndome al servicio p\u00fablico y al ejercicio de la pol\u00edtica sin observaciones que no hayan podido ser solventadas en el ejercicio del recurso p\u00fablico. Eso me da la libertad y tranquilidad de caminar por las calles de Oaxaca con la frente en alto, tengo la satisfacci\u00f3n de haber entregado el m\u00e1ximo esfuerzo y los mejores resultados\u201d.&nbsp;<\/p>\n\n\n\n<p>Es la carta de presentaci\u00f3n de Jos\u00e9 Antonio Hern\u00e1ndez Fraguas, candidato de la coalici\u00f3n \u201cVa por Oaxaca\u201d a la diputaci\u00f3n federal por el distrito VIII, quien en entrevista para ZONA ROJA asegur\u00f3 que ha tenido buena respuesta hacia el proyecto que encabeza y por medio del cual aspira obtener la curul en el Congreso de la Uni\u00f3n.&nbsp;<\/p>\n\n\n\n<p>El experimentado pol\u00edtico oaxaque\u00f1o, tiene claro que las elecciones, que est\u00e1n a un mes de llevarse a cabo, m\u00e1s que triunfos de partidos o candidatos en lo individual, van a determinar el futuro del pa\u00eds debido a la necesidad de contar con una oposici\u00f3n firme del gobierno federal en turno.&nbsp;<\/p>\n\n\n\n<p>Por ello tiene como primer objetivo pelear por un presupuesto que devuelva el apoyo a los grupos que se vieron afectados con la desaparici\u00f3n arbitraria de los m\u00e1s de 100 fideicomisos que beneficiaban la econom\u00eda de familiar de campesinos, madres de familia, artesanas, deportistas, investigadores, entre otros importantes sectores.&nbsp;&nbsp;<\/p>\n\n\n\n<p>Como segunda acci\u00f3n clara tiene en la mira la construcci\u00f3n de un andamiaje jur\u00eddico que permita garantizar la permanencia de un r\u00e9gimen democr\u00e1tico en el pa\u00eds, con el respeto irrestricto a los tres poderes, a la Constituci\u00f3n y las leyes que de ella emanan, las cuales pareciera est\u00e1n en riesgo en la actualidad, debido a las malas decisiones tomadas.&nbsp;<\/p>\n\n\n\n<p>HAY CAPACIDAD<\/p>\n\n\n\n<p>\u201cTenemos la capacidad y experiencia para ir a debatir y argumentar con respeto, no queremos ser una oposici\u00f3n de no porque no, queremos ser una oposici\u00f3n que aporte, incluso que colabore con el Ejecutivo en las cosas que beneficien al pa\u00eds, pero por supuesto no estamos dispuestos a aprobar una sola cosa que atente contra alg\u00fan sector de la poblaci\u00f3n\u201d, dijo.&nbsp;&nbsp;&nbsp;&nbsp;<\/p>\n\n\n\n<p>Al respecto, asegur\u00f3 que no est\u00e1 en contra del presidente, quien gan\u00f3 leg\u00edtimamente y tiene todo el derecho de definir qu\u00e9 tipo de pa\u00eds quiere, in embargo, reconoci\u00f3 que el verdadero problema es que mientras no tenga el sistema de contrapeso que le hable con la verdad, seguir\u00e1 incurriendo en ilegalidades como la que ya se han visto.&nbsp;<\/p>\n\n\n\n<p>Y es que para Hern\u00e1ndez Fraguas, la actual Legislatura, conformada por mayor\u00eda morenista, ha traicionado al pueblo que jur\u00f3 defender quitando de tajo programas que beneficiaban a sectores tan importantes como diversos, tal es el caso de Prospera, Seguro Popular e Instancias Infantiles por citar algunos.&nbsp;<\/p>\n\n\n\n<p>Y no lo dice solo \u00e9l, sino que ha sido una expresi\u00f3n reiterada en sus recorridos, donde las mujeres, principalmente, manifiestan una absoluta decepci\u00f3n por un gobierno federal que les declar\u00f3 la guerra al quitarles los apoyos para emprender un negocio, tener acceso a la salud p\u00fablica y para el cuidado de sus hijas e hijos.<\/p>\n\n\n\n<p>As\u00ed mismo, que incumpli\u00f3 su promesa de reducir el precio de la gasolina, gas LP y luz el\u00e9ctrica que no hacen m\u00e1s que ir al alza, al igual que los productos de la canasta b\u00e1sica, todo en perjuicio de quienes menos tienen.&nbsp;&nbsp;<\/p>\n\n\n\n<p>\u201cY ni hablar de los programas serio para prevenir y erradicar la violencia familiar el acoso sexual y laboral. A las mujeres no se les escucha, se les descalifica y se les pone vallas para no ser atendidas. Eso les sorprende a las mujeres que confiaron en el cambio prometido\u201d, indic\u00f3.&nbsp;<\/p>\n\n\n\n<p>De ah\u00ed que reiter\u00f3 es necesario una oposici\u00f3n firme en el Congreso del a Uni\u00f3n, misma que puede ser colaborativa pero nunca callada y obediente al punto de recibir y aprobar una iniciativa sin siquiera leerla, ya eso, dijo no le ayuda ni a \u00e9l ni a nadie.&nbsp;<\/p>\n\n\n\n<p>OPOSICI\u00d3N RESPONSABLE<\/p>\n\n\n\n<p>Una oposici\u00f3n que dijo, promueva dejar de lado el encono y divisi\u00f3n entre los mexicanos, y que adem\u00e1s pueda decirle de frente y de manera respetuosa al presidente de la Rep\u00fablica cu\u00e1les son sus fallas para poder resarcirlas en beneficio de la gente.&nbsp;<\/p>\n\n\n\n<p>Con conocimiento de causa, al haberse desempe\u00f1ado como representante de su partido ante el Instituto Nacional Electoral, calific\u00f3 de absurdo y hasta violento descalificar al \u00f3rgano que hoy en d\u00eda cuenta con tanta credibilidad en la ciudadan\u00eda, solo por el hecho de que no favorezca las intenciones del mandatario federal.&nbsp;<\/p>\n\n\n\n<p>Por el contrario, detall\u00f3 que lo que tiene que hacer el INE es aplicar la ley, leyes que adem\u00e1s dijo fueron promovidas por quienes hoy pretenden descalificarlo. De ah\u00ed que se\u00f1al\u00f3 la defensa del instituto debe ser de toda la ciudadan\u00eda en general, al igual que la de los organismos aut\u00f3nomos en general.&nbsp;&nbsp;&nbsp;<\/p>\n\n\n\n<p>\u201cLa desaparici\u00f3n del INE implicar\u00eda que el Estado se har\u00eda cargo de nueva cuenta de las elecciones, lo cual fue el origen de la creaci\u00f3n del \u00f3rgano\u201d, manifest\u00f3.&nbsp;<\/p>\n\n\n\n<p>De sus contrincantes habl\u00f3 de manera respetuosa, sin embargo, invit\u00f3 a Benjam\u00edn Robles, candidato por el Partido del Trabajo (PT), que busca la reelecci\u00f3n, a explicarle a las oaxaque\u00f1as el porqu\u00e9 de la cancelaci\u00f3n de los apoyos que beneficiaban, para lo cual dijo no fue electo.&nbsp;<\/p>\n\n\n\n<p>\u201cFrente a la respuesta de yo soy cien por ciento obradorista yo puedo responder que yo soy cien por ciento oaxaque\u00f1o, aqu\u00ed he vivido toda mi vida y aqu\u00ed me voy a quedar y les ofrezco de verdad que voy a dar el mejor esfuerzo para recuperar lo que en eta legislatura, nuestros diputados actuales nos quitaron a la ciudadan\u00eda.<\/p>\n\n\n\n<p>Finalmente, del gobernador de Oaxaca, Alejandro Murat Hinojosa, rescat\u00f3 su juventud, entusiasmo, preparaci\u00f3n, y que ha sabido dar buenos resultados, que incluso le ha apostado al acompa\u00f1amiento del presidente Andr\u00e9s Manuel L\u00f3pez Obrador en beneficio de Oaxaca, actitud que describi\u00f3 como inteligente y solidaria para las y los oaxaque\u00f1os.&nbsp;<\/p>\n","protected":false},"excerpt":{"rendered":"<p>Evlin Arag\u00f3n\/Zona Roja. Oaxaca de Ju\u00e1rez, Oax., 8 de mayo de 2021.- \u201cTengo cerca de&hellip;<\/p>\n","protected":false},"author":2,"featured_media":26924,"comment_status":"closed","ping_status":"open","sticky":false,"template":"","format":"standard","meta":{"_lmt_disableupdate":"","_lmt_disable":"","_jetpack_memberships_contains_paid_content":false,"footnotes":""},"categories":[109,46],"tags":[2592],"class_list":["post-26943","post","type-post","status-publish","format-standard","has-post-thumbnail","hentry","category-minuto-a-minuto","category-zona-blanca","tag-jose-antonio-hernandez-fraguas"],"jetpack_featured_media_url":"https:\/\/zonaroja.com.mx\/wp-content\/uploads\/2021\/05\/Jose-Antonio-Hernandez-Fraguas-2.jpg","jetpack_sharing_enabled":true,"_links":{"self":[{"href":"https:\/\/zonaroja.com.mx\/index.php?rest_route=\/wp\/v2\/posts\/26943","targetHints":{"allow":["GET"]}}],"collection":[{"href":"https:\/\/zonaroja.com.mx\/index.php?rest_route=\/wp\/v2\/posts"}],"about":[{"href":"https:\/\/zonaroja.com.mx\/index.php?rest_route=\/wp\/v2\/types\/post"}],"author":[{"embeddable":true,"href":"https:\/\/zonaroja.com.mx\/index.php?rest_route=\/wp\/v2\/users\/2"}],"replies":[{"embeddable":true,"href":"https:\/\/zonaroja.com.mx\/index.php?rest_route=%2Fwp%2Fv2%2Fcomments&post=26943"}],"version-history":[{"count":1,"href":"https:\/\/zonaroja.com.mx\/index.php?rest_route=\/wp\/v2\/posts\/26943\/revisions"}],"predecessor-version":[{"id":26944,"href":"https:\/\/zonaroja.com.mx\/index.php?rest_route=\/wp\/v2\/posts\/26943\/revisions\/26944"}],"wp:featuredmedia":[{"embeddable":true,"href":"https:\/\/zonaroja.com.mx\/index.php?rest_route=\/wp\/v2\/media\/26924"}],"wp:attachment":[{"href":"https:\/\/zonaroja.com.mx\/index.php?rest_route=%2Fwp%2Fv2%2Fmedia&parent=26943"}],"wp:term":[{"taxonomy":"category","embeddable":true,"href":"https:\/\/zonaroja.com.mx\/index.php?rest_route=%2Fwp%2Fv2%2Fcategories&post=26943"},{"taxonomy":"post_tag","embeddable":true,"href":"https:\/\/zonaroja.com.mx\/index.php?rest_route=%2Fwp%2Fv2%2Ftags&post=26943"}],"curies":[{"name":"wp","href":"https:\/\/api.w.org\/{rel}","templated":true}]}}