{"id":26945,"date":"2021-05-08T09:00:52","date_gmt":"2021-05-08T14:00:52","guid":{"rendered":"http:\/\/www.zonaroja.com.mx\/?p=26945"},"modified":"2021-05-07T22:15:31","modified_gmt":"2021-05-08T03:15:31","slug":"piden-a-sep-prohibir-publicidad-de-alimentos-chatarra-en-programa-aprende-en-casa","status":"publish","type":"post","link":"https:\/\/zonaroja.com.mx\/?p=26945","title":{"rendered":"Piden a SEP prohibir publicidad de alimentos \u201cchatarra\u201d en programa Aprende en Casa"},"content":{"rendered":"\n<p>Evlin Arag\u00f3n\/Zona Roja.<\/p>\n\n\n\n<p>Oaxaca de Ju\u00e1rez, Oax., 8 de mayo de 2021.- La diputada local por Morena, Magaly L\u00f3pez Dom\u00ednguez, present\u00f3 una iniciativa al interior del Congreso del Estado, que fue turnada a comisiones, en la que exhorta a la Secretar\u00eda de Educaci\u00f3n P\u00fablica a garantizar que los espacios educativos en l\u00ednea que exhiben los contenidos oficiales est\u00e9n exentos de publicidad de comida \u201cchatarra\u201d.&nbsp;<\/p>\n\n\n\n<p>Lo anterior luego de que organizaciones que integran la Alianza por la Salud Alimentaria, emitieron un comunicado donde advirtieron que la industria alimentaria promueve el consumo de bebidas azucaradas y alimentos envasados de alto contenido cal\u00f3rico, a trav\u00e9s de las plataformas digitales del programa Aprende en Casa.<\/p>\n\n\n\n<p>\u201cEl Poder del Consumidor realiz\u00f3 un estudio, el cual mostr\u00f3 que, por cada hora de navegaci\u00f3n en las plataformas educativas, las y los estudiantes observaron entre uno y cuatro anuncios de alimentos y bebidas chatarra, llegando a ver en una jornada escolar hasta 20 anuncios\u201d, refiri\u00f3.<\/p>\n\n\n\n<p>L\u00f3pez Dom\u00ednguez asegur\u00f3 que, actualmente, las plataformas digitales en las que se difunden los contenidos del programa Aprende en Casa se han convertido en los nuevos espacios de ense\u00f1anza, asimilables legalmente a los planteles educativos.<\/p>\n\n\n\n<p>De ah\u00ed que deben protegerse bajo los mismos est\u00e1ndares de la Ley General de Educaci\u00f3n, la cual proh\u00edbe todo tipo publicidad en los centros educativos, incluida la publicidad de alimentos con bajo valor nutritivo, tal y como lo han solicitado integrantes de la sociedad civil.\u00a0<\/p>\n\n\n\n<figure class=\"wp-block-embed-twitter wp-block-embed is-type-rich is-provider-twitter\"><div class=\"wp-block-embed__wrapper\">\n<div class=\"twitter-tweet\"><blockquote class=\"twitter-tweet\" data-lang=\"es\"><p lang=\"es\" dir=\"ltr\">En la reciente sesi\u00f3n ordinaria de la Diputaci\u00f3n Permanente, la legisladora <a href=\"https:\/\/twitter.com\/Magaly_LopezOax?ref_src=twsrc%5Etfw\">@Magaly_LopezOax<\/a> lament\u00f3 que a\u00fan en las clases en plataformas haya publicidad sobre consumo de alimentos \u201cchatarra\u201d, por lo que plante\u00f3 que la SEP revise y se exente de dichos comerciales. <a href=\"https:\/\/t.co\/nLZCcPn7Ig\">pic.twitter.com\/nLZCcPn7Ig<\/a><\/p>&mdash; Zona Roja Oaxaca (@Zona_Roja_Oax) <a href=\"https:\/\/twitter.com\/Zona_Roja_Oax\/status\/1390812380335071242?ref_src=twsrc%5Etfw\">7 de mayo de 2021<\/a><\/blockquote><\/div>\n<\/div><\/figure>\n\n\n\n<p>\u201cConsideramos que los recursos tecnol\u00f3gicos instrumentados por el Gobierno de M\u00e9xico para atender la educaci\u00f3n de ni\u00f1as y ni\u00f1os en el contexto de la pandemia, deben ser tomados como una extensi\u00f3n de la escuela, y por tanto en ellos deben aplicarse tambi\u00e9n los criterios que rigen los espacios educativos f\u00edsicos\u201d.<\/p>\n\n\n\n<p>Finalmente, record\u00f3 que, en M\u00e9xico, uno de cada tres menores vive con obesidad; y uno de cada dos menores desarrollar\u00e1 diabetes a lo largo de su vida si no se toman medidas urgentes de prevenci\u00f3n, lo cual incrementa la probabilidad de enfrentar complicaciones de salud.&nbsp;&nbsp;<\/p>\n\n\n\n<p>Por ello, dijo a las y los legisladores que est\u00e1n obligados a salvaguardar la salud y la vida de la infancia en Oaxaca y M\u00e9xico por encima de los intereses econ\u00f3micos de la poderosa industria alimentaria, de ah\u00ed que solicit\u00f3 que fuera atendida su petici\u00f3n de exhorto a la SEP, a la cual invito a adherirse.&nbsp;<\/p>\n\n\n\n<p>En Oaxaca desde el cinco de agosto de 2020 se aprob\u00f3 reformar la Ley de Derechos de Ni\u00f1as, Ni\u00f1os y Adolescentes del estado para prohibir la distribuci\u00f3n, venta, regalo y suministro de bebidas azucaradas y alimentos chatarra a menores de edad, misma que entr\u00f3 en vigor un mes despu\u00e9s.&nbsp;<\/p>\n","protected":false},"excerpt":{"rendered":"<p>Evlin Arag\u00f3n\/Zona Roja. Oaxaca de Ju\u00e1rez, Oax., 8 de mayo de 2021.- La diputada local&hellip;<\/p>\n","protected":false},"author":2,"featured_media":26923,"comment_status":"closed","ping_status":"open","sticky":false,"template":"","format":"standard","meta":{"_lmt_disableupdate":"","_lmt_disable":"","_jetpack_memberships_contains_paid_content":false,"footnotes":""},"categories":[109,46],"tags":[192],"class_list":["post-26945","post","type-post","status-publish","format-standard","has-post-thumbnail","hentry","category-minuto-a-minuto","category-zona-blanca","tag-diputada-magaly-lopez-dominguez"],"jetpack_featured_media_url":"https:\/\/zonaroja.com.mx\/wp-content\/uploads\/2021\/05\/Magay-Lopez-d.jpg","jetpack_sharing_enabled":true,"_links":{"self":[{"href":"https:\/\/zonaroja.com.mx\/index.php?rest_route=\/wp\/v2\/posts\/26945","targetHints":{"allow":["GET"]}}],"collection":[{"href":"https:\/\/zonaroja.com.mx\/index.php?rest_route=\/wp\/v2\/posts"}],"about":[{"href":"https:\/\/zonaroja.com.mx\/index.php?rest_route=\/wp\/v2\/types\/post"}],"author":[{"embeddable":true,"href":"https:\/\/zonaroja.com.mx\/index.php?rest_route=\/wp\/v2\/users\/2"}],"replies":[{"embeddable":true,"href":"https:\/\/zonaroja.com.mx\/index.php?rest_route=%2Fwp%2Fv2%2Fcomments&post=26945"}],"version-history":[{"count":1,"href":"https:\/\/zonaroja.com.mx\/index.php?rest_route=\/wp\/v2\/posts\/26945\/revisions"}],"predecessor-version":[{"id":26946,"href":"https:\/\/zonaroja.com.mx\/index.php?rest_route=\/wp\/v2\/posts\/26945\/revisions\/26946"}],"wp:featuredmedia":[{"embeddable":true,"href":"https:\/\/zonaroja.com.mx\/index.php?rest_route=\/wp\/v2\/media\/26923"}],"wp:attachment":[{"href":"https:\/\/zonaroja.com.mx\/index.php?rest_route=%2Fwp%2Fv2%2Fmedia&parent=26945"}],"wp:term":[{"taxonomy":"category","embeddable":true,"href":"https:\/\/zonaroja.com.mx\/index.php?rest_route=%2Fwp%2Fv2%2Fcategories&post=26945"},{"taxonomy":"post_tag","embeddable":true,"href":"https:\/\/zonaroja.com.mx\/index.php?rest_route=%2Fwp%2Fv2%2Ftags&post=26945"}],"curies":[{"name":"wp","href":"https:\/\/api.w.org\/{rel}","templated":true}]}}