{"id":26947,"date":"2021-05-08T06:55:21","date_gmt":"2021-05-08T11:55:21","guid":{"rendered":"http:\/\/www.zonaroja.com.mx\/?p=26947"},"modified":"2021-05-08T06:55:26","modified_gmt":"2021-05-08T11:55:26","slug":"con-escasos-avances-reunion-ayer-sobre-problematica-del-maco","status":"publish","type":"post","link":"https:\/\/zonaroja.com.mx\/?p=26947","title":{"rendered":"Con escasos avances, reuni\u00f3n ayer sobre problem\u00e1tica del MACO"},"content":{"rendered":"\n<p>Redacci\u00f3n\/Zona Roja.<\/p>\n\n\n\n<p>Oaxaca de Ju\u00e1rez, Oax., 8 de mayo de 2021.- Con escasos avances culmin\u00f3 ayer la primera reuni\u00f3n en la Junta Local de Conciliaci\u00f3n y Arbitraje entre trabajadores y la asociaci\u00f3n civil Amigos del MACO, responsable de la instituci\u00f3n.<\/p>\n\n\n\n<p>Durante el encuentro, el organismo responsable de la administraci\u00f3n del Museo de Arte Contempor\u00e1neo de Oaxaca (MACO) recalc\u00f3 que se ha cubierto una parte del salario pendiente y que seguir\u00e1 cubriendo el faltante.<\/p>\n\n\n\n<p>Sin embargo, insisti\u00f3 en que se deber\u00e1 efectuar una auditor\u00eda a la direcci\u00f3n del MACO, sobre los recursos asignados en 2019 y en 2020, pues no hay claridad en ello y la irresponsabilidad en esta obligaci\u00f3n gener\u00f3 retrasos en la ministraci\u00f3n de los recursos.<\/p>\n\n\n\n<p>Adem\u00e1s, una vez concluido el conflicto, har\u00e1 una revisi\u00f3n de la plantilla del personal, incluyendo mandos directivos.<\/p>\n\n\n\n<p>La a\u00fan directora del Museo, Cecilia Ming\u00fcer insisti\u00f3 en que primero se deber\u00e1 pagar los adeudos a 19 trabajadores, rezagados desde abril del a\u00f1o pasado y que ascienden aproximadamente a un mill\u00f3n y medio de pesos.<\/p>\n\n\n\n<p>Ser\u00e1 el pr\u00f3ximo 25 de mayo en que se tendr\u00e1 una nueva audiencia en la que, seg\u00fan se acord\u00f3, Amigos del MACO tendr\u00e1 que probar que efectivamente realiz\u00f3 los dep\u00f3sitos de 12 meses de sueldo a sus trabajadores.<\/p>\n\n\n\n<p>Por el momento, el Museo, ubicado en la segunda calle de Macedonio Alcal\u00e1, Centro Hist\u00f3rico de la ciudad de Oaxaca, permanecer\u00e1 cerrado hasta en tanto no se finiquite el problema.<\/p>\n","protected":false},"excerpt":{"rendered":"<p>Redacci\u00f3n\/Zona Roja. Oaxaca de Ju\u00e1rez, Oax., 8 de mayo de 2021.- Con escasos avances culmin\u00f3&hellip;<\/p>\n","protected":false},"author":2,"featured_media":26948,"comment_status":"closed","ping_status":"open","sticky":false,"template":"","format":"standard","meta":{"_lmt_disableupdate":"","_lmt_disable":"","_jetpack_memberships_contains_paid_content":false,"footnotes":""},"categories":[109,47],"tags":[2298],"class_list":["post-26947","post","type-post","status-publish","format-standard","has-post-thumbnail","hentry","category-minuto-a-minuto","category-zona-gris","tag-museo-de-arte-contemporaneo-de-oaxaca-maco"],"jetpack_featured_media_url":"https:\/\/zonaroja.com.mx\/wp-content\/uploads\/2021\/05\/Protesta-MACO-Junta-Local.jpg","jetpack_sharing_enabled":true,"_links":{"self":[{"href":"https:\/\/zonaroja.com.mx\/index.php?rest_route=\/wp\/v2\/posts\/26947","targetHints":{"allow":["GET"]}}],"collection":[{"href":"https:\/\/zonaroja.com.mx\/index.php?rest_route=\/wp\/v2\/posts"}],"about":[{"href":"https:\/\/zonaroja.com.mx\/index.php?rest_route=\/wp\/v2\/types\/post"}],"author":[{"embeddable":true,"href":"https:\/\/zonaroja.com.mx\/index.php?rest_route=\/wp\/v2\/users\/2"}],"replies":[{"embeddable":true,"href":"https:\/\/zonaroja.com.mx\/index.php?rest_route=%2Fwp%2Fv2%2Fcomments&post=26947"}],"version-history":[{"count":1,"href":"https:\/\/zonaroja.com.mx\/index.php?rest_route=\/wp\/v2\/posts\/26947\/revisions"}],"predecessor-version":[{"id":26949,"href":"https:\/\/zonaroja.com.mx\/index.php?rest_route=\/wp\/v2\/posts\/26947\/revisions\/26949"}],"wp:featuredmedia":[{"embeddable":true,"href":"https:\/\/zonaroja.com.mx\/index.php?rest_route=\/wp\/v2\/media\/26948"}],"wp:attachment":[{"href":"https:\/\/zonaroja.com.mx\/index.php?rest_route=%2Fwp%2Fv2%2Fmedia&parent=26947"}],"wp:term":[{"taxonomy":"category","embeddable":true,"href":"https:\/\/zonaroja.com.mx\/index.php?rest_route=%2Fwp%2Fv2%2Fcategories&post=26947"},{"taxonomy":"post_tag","embeddable":true,"href":"https:\/\/zonaroja.com.mx\/index.php?rest_route=%2Fwp%2Fv2%2Ftags&post=26947"}],"curies":[{"name":"wp","href":"https:\/\/api.w.org\/{rel}","templated":true}]}}