{"id":26966,"date":"2021-05-08T07:09:47","date_gmt":"2021-05-08T12:09:47","guid":{"rendered":"http:\/\/www.zonaroja.com.mx\/?p=26966"},"modified":"2021-05-08T07:09:52","modified_gmt":"2021-05-08T12:09:52","slug":"triunfo-seguro-con-villacana-laura-vignon-y-hernandez-fraguas-marko-cortes","status":"publish","type":"post","link":"https:\/\/zonaroja.com.mx\/?p=26966","title":{"rendered":"Triunfo seguro con Villaca\u00f1a, Laura Vign\u00f3n y Hern\u00e1ndez Fraguas: Marko Cort\u00e9s"},"content":{"rendered":"\n<p>Redacci\u00f3n\/Zona Roja.<\/p>\n\n\n\n<p>Oaxaca de Ju\u00e1rez, Oax., 8 de mayo de 2021.- El dirigente nacional del Partido de Acci\u00f3n Nacional (PAN), Marko Cort\u00e9s Mendoza respald\u00f3 a Javier Villaca\u00f1a Jim\u00e9nez, candidato com\u00fan del albiceleste, PRD y PRI a la presidencia municipal de Oaxaca de Ju\u00e1rez, as\u00ed como a Laura Vign\u00f3n y Jos\u00e9 Antonio Hern\u00e1ndez Fraguas, candidatos a una diputaci\u00f3n local, al considerarlos las mejores opciones para trabajar por la ciudadan\u00eda oaxaque\u00f1a.<\/p>\n\n\n\n<p>\u00abJavier, como dirigente de Acci\u00f3n Nacional, te expres\u00f3 todo mi respaldo para que seas nuevamente presidente municipal. Gobernamos bien, gobernamos juntos. S\u00e9 que fuiste un gran alcalde: s\u00e9 mejor, que valga la pena\u00bb, afirm\u00f3 Cort\u00e9s Mendoza, durante un encuentro con representantes del sector productivo y candidatos y candidatas de la coalici\u00f3n \u201cVa por Oaxaca\u201d en la ciudad.<\/p>\n\n\n\n<p>En este sentido, reconoci\u00f3 la labor del Laura Vign\u00f3n y Jos\u00e9 Antonio Hern\u00e1ndez Fraguas en el servicio p\u00fablico y como legisladores a lo largo de su trayectoria pol\u00edtica. Asegur\u00f3 que la experiencia y capacidad ser\u00e1n garant\u00eda de triunfo y bienestar social.<\/p>\n\n\n\n<p>Durante su visita ayer a la capital del estado, llam\u00f3 a los tres candidatos a seguir sumando voluntades y mantener el \u00e1nimo de mejorar en todo para conducir la contienda con una actitud firme y valiente \u201ccon todo\u00bb.<\/p>\n\n\n\n<p>GOBIERNO SIN OCURRENCIAS<\/p>\n\n\n\n<p>Por su parte, visiblemente sereno y motivado, Javier Villaca\u00f1a, agradeci\u00f3 la confianza y respaldo de la militancia del PRI, PAN y PRD, a quienes llam\u00f3 a construir un gobierno municipal con equilibrio sin ocurrencias, con el \u00fanico prop\u00f3sito de servir a la ciudadan\u00eda con resultados inmediatos.<\/p>\n\n\n\n<p>Con el Partido Acci\u00f3n Nacional, dijo, hemos hecho mucha sinergia, no solo para establecer una alianza electoral si no una alianza de talentos para cambiar Oaxaca.<\/p>\n\n\n\n<p>En ese sentido, reiter\u00f3 su prop\u00f3sito de construir gobiernos plurales, respetuosos de las divergencias, donde el \u00fanico objetivo sea trabajar sin tregua para devolver a Oaxaca y a su gente la majestuosidad, tranquilidad y seguridad que demandan y se merecen. \u201cEn ese trabajo, requerimos la ayuda de todos. Estoy convencido que juntos lo haremos de nuevo\u201d, puntualiz\u00f3.<\/p>\n\n\n\n<p>REUNI\u00d3N CON LOCATARIOS<\/p>\n\n\n\n<p>Por otra parte, locatarias y locatarios de los mercados \u201cBenito Ju\u00e1rez\u201d, \u201c20 de noviembre\u201d y \u201cPaz Migueles\u201d refrendaron su confianza y respaldo a Javier Villaca\u00f1a Jim\u00e9nez, candidato com\u00fan del PRI, PAN y PRD a la presidencia municipal capitalina, al considerar que es necesario recuperar los apoyos y obras que tuvieron durante su administraci\u00f3n pasada.<\/p>\n\n\n\n<p>Acompa\u00f1ado en el recorrido por las candidatas a la diputaci\u00f3n local, Geovana Anah\u00ed Moreno Reyes y Laura Vignon Carre\u00f1o, as\u00ed como integrantes de su planilla, el abanderado de la coalici\u00f3n \u201cVa por Oaxaca\u201d, escuch\u00f3 en su tercer d\u00eda de campa\u00f1a, las demandas y necesidades&nbsp; de las locatarias y locatarios, reiterando su compromiso de apuntalar estos espacios comerciales, a trav\u00e9s de esquemas de cierre y apertura y la ampliaci\u00f3n de giros.<\/p>\n","protected":false},"excerpt":{"rendered":"<p>Redacci\u00f3n\/Zona Roja. Oaxaca de Ju\u00e1rez, Oax., 8 de mayo de 2021.- El dirigente nacional del&hellip;<\/p>\n","protected":false},"author":2,"featured_media":26950,"comment_status":"closed","ping_status":"open","sticky":false,"template":"","format":"standard","meta":{"_lmt_disableupdate":"","_lmt_disable":"","_jetpack_memberships_contains_paid_content":false,"footnotes":""},"categories":[109,46],"tags":[2456],"class_list":["post-26966","post","type-post","status-publish","format-standard","has-post-thumbnail","hentry","category-minuto-a-minuto","category-zona-blanca","tag-javier-villacana-jimenez"],"jetpack_featured_media_url":"https:\/\/zonaroja.com.mx\/wp-content\/uploads\/2021\/05\/7may-reunion-Marko-cortes.jpeg","jetpack_sharing_enabled":true,"_links":{"self":[{"href":"https:\/\/zonaroja.com.mx\/index.php?rest_route=\/wp\/v2\/posts\/26966","targetHints":{"allow":["GET"]}}],"collection":[{"href":"https:\/\/zonaroja.com.mx\/index.php?rest_route=\/wp\/v2\/posts"}],"about":[{"href":"https:\/\/zonaroja.com.mx\/index.php?rest_route=\/wp\/v2\/types\/post"}],"author":[{"embeddable":true,"href":"https:\/\/zonaroja.com.mx\/index.php?rest_route=\/wp\/v2\/users\/2"}],"replies":[{"embeddable":true,"href":"https:\/\/zonaroja.com.mx\/index.php?rest_route=%2Fwp%2Fv2%2Fcomments&post=26966"}],"version-history":[{"count":1,"href":"https:\/\/zonaroja.com.mx\/index.php?rest_route=\/wp\/v2\/posts\/26966\/revisions"}],"predecessor-version":[{"id":26967,"href":"https:\/\/zonaroja.com.mx\/index.php?rest_route=\/wp\/v2\/posts\/26966\/revisions\/26967"}],"wp:featuredmedia":[{"embeddable":true,"href":"https:\/\/zonaroja.com.mx\/index.php?rest_route=\/wp\/v2\/media\/26950"}],"wp:attachment":[{"href":"https:\/\/zonaroja.com.mx\/index.php?rest_route=%2Fwp%2Fv2%2Fmedia&parent=26966"}],"wp:term":[{"taxonomy":"category","embeddable":true,"href":"https:\/\/zonaroja.com.mx\/index.php?rest_route=%2Fwp%2Fv2%2Fcategories&post=26966"},{"taxonomy":"post_tag","embeddable":true,"href":"https:\/\/zonaroja.com.mx\/index.php?rest_route=%2Fwp%2Fv2%2Ftags&post=26966"}],"curies":[{"name":"wp","href":"https:\/\/api.w.org\/{rel}","templated":true}]}}