{"id":26968,"date":"2021-05-08T07:36:02","date_gmt":"2021-05-08T12:36:02","guid":{"rendered":"http:\/\/www.zonaroja.com.mx\/?p=26968"},"modified":"2021-05-08T07:36:05","modified_gmt":"2021-05-08T12:36:05","slug":"siguen-los-asesinatos-en-la-region-de-la-costa-ahora-en-ixcapa","status":"publish","type":"post","link":"https:\/\/zonaroja.com.mx\/?p=26968","title":{"rendered":"Siguen los asesinatos en la regi\u00f3n de la Costa, ahora en Ixcapa"},"content":{"rendered":"\n<p>Redacci\u00f3n\/Zona Roja.<\/p>\n\n\n\n<p>Oaxaca de Ju\u00e1rez, Oax., 8 de mayo de 2021.- En menos de una semana tres personas han sido asesinadas a balazos, dos de ellas en Santiago Pinotepa Nacional, y el m\u00e1s reciente caso en San Sebasti\u00e1n Ixcapa.<\/p>\n\n\n\n<p>De acuerdo con reportes policiales, los hechos sucedieron ayer por la tarde en la localidad de San Jos\u00e9 Camotinch\u00e1n, del municipio de Ixcapa, donde fue ultimado el chofer de una camioneta de transporte de pasaje y carga.<\/p>\n\n\n\n<p>Sujetos armados, probables asaltantes, que viajaban en el interior de la unidad de motor, lo bajaron a la entrada de la poblaci\u00f3n y le dispararon, tras lo cual huyeron.<\/p>\n\n\n\n<p>La v\u00edctima fue identificada como Hugo Alberto A. S., de aproximadamente 37 a\u00f1os de edad y era originario de Vista Hermosa, Ixcapa; cubr\u00eda la ruta de ese municipio hacia Pinotepa Nacional.<\/p>\n","protected":false},"excerpt":{"rendered":"<p>Redacci\u00f3n\/Zona Roja. Oaxaca de Ju\u00e1rez, Oax., 8 de mayo de 2021.- En menos de una&hellip;<\/p>\n","protected":false},"author":2,"featured_media":3245,"comment_status":"closed","ping_status":"open","sticky":false,"template":"","format":"standard","meta":{"_lmt_disableupdate":"","_lmt_disable":"","_jetpack_memberships_contains_paid_content":false,"footnotes":""},"categories":[109,51],"tags":[2660],"class_list":["post-26968","post","type-post","status-publish","format-standard","has-post-thumbnail","hentry","category-minuto-a-minuto","category-zona-roja","tag-san-sebastian-ixcapa"],"jetpack_featured_media_url":"https:\/\/zonaroja.com.mx\/wp-content\/uploads\/2019\/08\/Homicidio-3.jpg","jetpack_sharing_enabled":true,"_links":{"self":[{"href":"https:\/\/zonaroja.com.mx\/index.php?rest_route=\/wp\/v2\/posts\/26968","targetHints":{"allow":["GET"]}}],"collection":[{"href":"https:\/\/zonaroja.com.mx\/index.php?rest_route=\/wp\/v2\/posts"}],"about":[{"href":"https:\/\/zonaroja.com.mx\/index.php?rest_route=\/wp\/v2\/types\/post"}],"author":[{"embeddable":true,"href":"https:\/\/zonaroja.com.mx\/index.php?rest_route=\/wp\/v2\/users\/2"}],"replies":[{"embeddable":true,"href":"https:\/\/zonaroja.com.mx\/index.php?rest_route=%2Fwp%2Fv2%2Fcomments&post=26968"}],"version-history":[{"count":1,"href":"https:\/\/zonaroja.com.mx\/index.php?rest_route=\/wp\/v2\/posts\/26968\/revisions"}],"predecessor-version":[{"id":26969,"href":"https:\/\/zonaroja.com.mx\/index.php?rest_route=\/wp\/v2\/posts\/26968\/revisions\/26969"}],"wp:featuredmedia":[{"embeddable":true,"href":"https:\/\/zonaroja.com.mx\/index.php?rest_route=\/wp\/v2\/media\/3245"}],"wp:attachment":[{"href":"https:\/\/zonaroja.com.mx\/index.php?rest_route=%2Fwp%2Fv2%2Fmedia&parent=26968"}],"wp:term":[{"taxonomy":"category","embeddable":true,"href":"https:\/\/zonaroja.com.mx\/index.php?rest_route=%2Fwp%2Fv2%2Fcategories&post=26968"},{"taxonomy":"post_tag","embeddable":true,"href":"https:\/\/zonaroja.com.mx\/index.php?rest_route=%2Fwp%2Fv2%2Ftags&post=26968"}],"curies":[{"name":"wp","href":"https:\/\/api.w.org\/{rel}","templated":true}]}}