{"id":2697,"date":"2019-07-31T21:52:56","date_gmt":"2019-08-01T02:52:56","guid":{"rendered":"http:\/\/www.zonaroja.com.mx\/?p=2697"},"modified":"2019-07-31T21:52:59","modified_gmt":"2019-08-01T02:52:59","slug":"piden-diputados-evitar-cuotas-en-escuelas-ya-se-hizo-exhorto-ieepo","status":"publish","type":"post","link":"https:\/\/zonaroja.com.mx\/?p=2697","title":{"rendered":"Piden diputados evitar cuotas en escuelas; ya se hizo exhorto: IEEPO"},"content":{"rendered":"\n<p>Redacci\u00f3n<\/p>\n\n\n\n<p>San Raymundo\nJalpan, Oax., 31 de julio de 2019.- Integrantes de la 64 Legislatura del Congreso\nde Oaxaca aprobaron un Punto de Acuerdo en que pidieron al Instituto Estatal de\nEducaci\u00f3n P\u00fablica de Oaxaca (IEEPO) vigilar que bajo ninguna circunstancia las\nescuelas p\u00fablicas de educaci\u00f3n b\u00e1sica condicionen la inscripci\u00f3n o el ingreso\nde un alumno o alumna a ning\u00fan tipo de pago.<\/p>\n\n\n\n<p>El\nvicecoordinador del Partido Morena y uno de los proponentes de dicha solicitud,\nHoracio Sosa Villavicencio, se\u00f1al\u00f3 que la Ley Estatal de Educaci\u00f3n establece en\nsu art\u00edculo 18 que es obligaci\u00f3n del Gobierno del Estado garantizar el acceso,\nla permanencia y la conclusi\u00f3n de estudios de todos los ni\u00f1os, las ni\u00f1as,\nj\u00f3venes y adultos en el sistema educativo estatal.<\/p>\n\n\n\n<p>\u201cNo podemos\npermitir que un ni\u00f1o o ni\u00f1a de Oaxaca quede en riesgo de perder su derecho a la\neducaci\u00f3n por su imposibilidad de cubrir cuotas ilegales\u201d, se\u00f1al\u00f3 Sosa\nVillavicencio, durante la sesi\u00f3n del pleno de este mi\u00e9rcoles.<\/p>\n\n\n\n<p>Expres\u00f3 que\nlos padres y madres de familia de Oaxaca han dado cuenta a trav\u00e9s de denuncias\nen medios de comunicaci\u00f3n que diversas primarias y secundarias p\u00fablicas de\nOaxaca han comenzado a cobrar las llamadas \u201ccuotas voluntarias\u201d, cuyos pago es\nobligatorio, pues condiciona el ingreso del alumno a la instituci\u00f3n.<\/p>\n\n\n\n<p>La propuesta de Sosa Villavicencio, con la que se solicita al IEEPO vigilar que instituciones educativas p\u00fablicas de Oaxaca no cobren estas \u201ccuotas voluntarias\u201d fue aprobada por todo el Pleno Legislativo, con ello, la instrucci\u00f3n se remitir\u00e1 al instituto oaxaque\u00f1o.<\/p>\n\n\n\n<figure class=\"wp-block-embed-twitter wp-block-embed is-type-rich is-provider-twitter\"><div class=\"wp-block-embed__wrapper\">\n<div class=\"twitter-tweet\"><blockquote class=\"twitter-tweet\" data-lang=\"es\"><p lang=\"es\" dir=\"ltr\">\u2022Bajo ninguna circunstancia las escuelas p\u00fablicas deben condicionar  la inscripci\u00f3n o el ingreso de un alumno o alumna a ning\u00fan tipo de pago, as\u00ed se lo solicitamos al <a href=\"https:\/\/twitter.com\/IEEPOGobOax?ref_src=twsrc%5Etfw\">@IEEPOGobOax<\/a>. <a href=\"https:\/\/twitter.com\/Desde_Izquierda?ref_src=twsrc%5Etfw\">@Desde_Izquierda<\/a> <a href=\"https:\/\/twitter.com\/TuiteraMx?ref_src=twsrc%5Etfw\">@TuiteraMx<\/a> <a href=\"https:\/\/twitter.com\/Eltiotonysoy?ref_src=twsrc%5Etfw\">@Eltiotonysoy<\/a> <a href=\"https:\/\/twitter.com\/LauraEstradaMau?ref_src=twsrc%5Etfw\">@LauraEstradaMau<\/a> <a href=\"https:\/\/twitter.com\/DelfinaGuzmanD1?ref_src=twsrc%5Etfw\">@DelfinaGuzmanD1<\/a> <a href=\"https:\/\/twitter.com\/DipsMorenaOax?ref_src=twsrc%5Etfw\">@DipsMorenaOax<\/a> <a href=\"https:\/\/t.co\/U9dKxFw7iA\">pic.twitter.com\/U9dKxFw7iA<\/a><\/p>&mdash; Horacio Sosa (@HoracioSosaOax) <a href=\"https:\/\/twitter.com\/HoracioSosaOax\/status\/1156737031676071941?ref_src=twsrc%5Etfw\">1 de agosto de 2019<\/a><\/blockquote><\/div>\n<\/div><\/figure>\n\n\n\n<p>YA SE\nEXHORT\u00d3<\/p>\n\n\n\n<p>Por otra\nparte, desde el pasado 11 de julio, el Instituto Estatal de Educaci\u00f3n P\u00fablica exhort\u00f3\na las escuelas p\u00fablicas de nivel b\u00e1sico en la entidad, para que se garantice la\ninscripci\u00f3n y permanencia de las y los alumnos en los planteles, sin\ncondicionamiento alguno.<\/p>\n\n\n\n<p>En un\ncomunicado, la Instituci\u00f3n que dirige Francisco \u00c1ngel Villarreal, reiter\u00f3 a los\npadres y madres de familia que la educaci\u00f3n es gratuita y que las cuotas\nescolares son de car\u00e1cter voluntario, por lo que su pago o falta del mismo,\nbajo ninguna circunstancia deben impedir la prestaci\u00f3n del servicio educativo.<\/p>\n\n\n\n<p>Al respecto,\nla directora&nbsp; para la Atenci\u00f3n de los\nDerechos Humanos, Marlene Aldeco Reyes Retana explic\u00f3 que el art\u00edculo Tercero,\np\u00e1rrafo segundo y Fracci\u00f3n IV, de la Constituci\u00f3n Pol\u00edtica de los Estados\nUnidos Mexicanos,&nbsp; as\u00ed como en el\nart\u00edculo Sexto&nbsp; de la Ley General de\nEducaci\u00f3n, establecen la gratuidad de la educaci\u00f3n y en su caso que las cuotas\nescolares deben ser voluntarias.<\/p>\n\n\n\n<p>Si alguna\nautoridad escolar, o los integrantes de los Comit\u00e9s de Padres de Familia,\nniegan los servicios educativos, estar\u00e1n incurriendo en violaciones a los\nderechos humanos de las ni\u00f1as, ni\u00f1os y j\u00f3venes, como es el acceso a la\neducaci\u00f3n, puntualiz\u00f3.<\/p>\n\n\n\n<p>El IEEPO\nreiter\u00f3 que las aportaciones que establecen los Comit\u00e9s de Padres de Familia\nson y deben ser voluntarias, como resultado de una decisi\u00f3n consensuada entre\ntodos los integrantes de la comunidad escolar, quienes adem\u00e1s con autonom\u00eda\ndeterminan las actividades o eventos en que se aplicar\u00e1n dichos recursos.<\/p>\n\n\n\n<p>No obstante, en caso de existir alguna inconformidad los padres de familia y estudiantes pueden acudir y presentar una denuncia formal al \u00d3rgano Interno de Control del IEEPO, cuya instancia representa a la Secretar\u00eda de la Contralor\u00eda y Transparencia Gubernamental\u00a0 de la entidad para que sean atendidos, o bien ante la Defensor\u00eda de los Derechos Humanos del Pueblo de Oaxaca.<\/p>\n\n\n\n<figure class=\"wp-block-embed-twitter wp-block-embed is-type-rich is-provider-twitter\"><div class=\"wp-block-embed__wrapper\">\n<div class=\"twitter-tweet\"><blockquote class=\"twitter-tweet\" data-lang=\"es\"><p lang=\"es\" dir=\"ltr\">La directora para la Atenci\u00f3n de los Derechos Humanos del <a href=\"https:\/\/twitter.com\/IEEPOGobOax?ref_src=twsrc%5Etfw\">@IEEPOGobOax<\/a>, <a href=\"https:\/\/twitter.com\/marlenealdeco?ref_src=twsrc%5Etfw\">@marlenealdeco<\/a> se\u00f1al\u00f3 que las cuotas escolares son de car\u00e1cter voluntario, por lo que NO DEBEN IMPEDIR la inscripci\u00f3n o permanencia de las y los estudiantes en las escuelas p\u00fablicas de educaci\u00f3n b\u00e1sica. <a href=\"https:\/\/t.co\/sf9pcWucms\">pic.twitter.com\/sf9pcWucms<\/a><\/p>&mdash; IEEPO (@IEEPOGobOax) <a href=\"https:\/\/twitter.com\/IEEPOGobOax\/status\/1156641877917097984?ref_src=twsrc%5Etfw\">31 de julio de 2019<\/a><\/blockquote><\/div>\n<\/div><\/figure>\n","protected":false},"excerpt":{"rendered":"<p>Redacci\u00f3n San Raymundo Jalpan, Oax., 31 de julio de 2019.- Integrantes de la 64 Legislatura&hellip;<\/p>\n","protected":false},"author":2,"featured_media":2698,"comment_status":"closed","ping_status":"open","sticky":false,"template":"","format":"standard","meta":{"_lmt_disableupdate":"","_lmt_disable":"","_jetpack_memberships_contains_paid_content":false,"footnotes":""},"categories":[109,51],"tags":[444],"class_list":["post-2697","post","type-post","status-publish","format-standard","has-post-thumbnail","hentry","category-minuto-a-minuto","category-zona-roja","tag-horacio-sosa-villavicencio"],"jetpack_featured_media_url":"https:\/\/zonaroja.com.mx\/wp-content\/uploads\/2019\/07\/Horacio-Sosa-Oaxaca.jpg","jetpack_sharing_enabled":true,"_links":{"self":[{"href":"https:\/\/zonaroja.com.mx\/index.php?rest_route=\/wp\/v2\/posts\/2697","targetHints":{"allow":["GET"]}}],"collection":[{"href":"https:\/\/zonaroja.com.mx\/index.php?rest_route=\/wp\/v2\/posts"}],"about":[{"href":"https:\/\/zonaroja.com.mx\/index.php?rest_route=\/wp\/v2\/types\/post"}],"author":[{"embeddable":true,"href":"https:\/\/zonaroja.com.mx\/index.php?rest_route=\/wp\/v2\/users\/2"}],"replies":[{"embeddable":true,"href":"https:\/\/zonaroja.com.mx\/index.php?rest_route=%2Fwp%2Fv2%2Fcomments&post=2697"}],"version-history":[{"count":1,"href":"https:\/\/zonaroja.com.mx\/index.php?rest_route=\/wp\/v2\/posts\/2697\/revisions"}],"predecessor-version":[{"id":2699,"href":"https:\/\/zonaroja.com.mx\/index.php?rest_route=\/wp\/v2\/posts\/2697\/revisions\/2699"}],"wp:featuredmedia":[{"embeddable":true,"href":"https:\/\/zonaroja.com.mx\/index.php?rest_route=\/wp\/v2\/media\/2698"}],"wp:attachment":[{"href":"https:\/\/zonaroja.com.mx\/index.php?rest_route=%2Fwp%2Fv2%2Fmedia&parent=2697"}],"wp:term":[{"taxonomy":"category","embeddable":true,"href":"https:\/\/zonaroja.com.mx\/index.php?rest_route=%2Fwp%2Fv2%2Fcategories&post=2697"},{"taxonomy":"post_tag","embeddable":true,"href":"https:\/\/zonaroja.com.mx\/index.php?rest_route=%2Fwp%2Fv2%2Ftags&post=2697"}],"curies":[{"name":"wp","href":"https:\/\/api.w.org\/{rel}","templated":true}]}}