{"id":26970,"date":"2021-05-08T11:37:01","date_gmt":"2021-05-08T16:37:01","guid":{"rendered":"https:\/\/www.zonaroja.com.mx\/?p=26970"},"modified":"2021-05-08T11:38:13","modified_gmt":"2021-05-08T16:38:13","slug":"el-teeo-sobreseyo-juicio-que-reclama-participacion-de-mujer-afro-en-comicios","status":"publish","type":"post","link":"https:\/\/zonaroja.com.mx\/?p=26970","title":{"rendered":"El TEEO sobresey\u00f3 juicio que reclama participaci\u00f3n de mujer afro en comicios"},"content":{"rendered":"\n<p class=\"MsoNormal\">Evlin Arag\u00f3n\/Zona Roja.&nbsp;<\/p>\n\n\n\n<p class=\"MsoNormal\">Oaxaca de Ju\u00e1rez, Oax., 8 de mayo de 2021.-&nbsp;El pleno del Tribunal Electoral del Estado de Oaxaca (TEEO) sobresey\u00f3 el juicio promovido por Rosa Mar\u00eda Castro Salinas en su car\u00e1cter de precandidata de #Morena a diputada local por el principio de mayor\u00eda relativa al distrito electoral XXV con cabecera en San Pedro Pochutla.&nbsp;&nbsp;&nbsp;<\/p>\n\n\n\n<p class=\"MsoNormal\">Lo anterior debido a que ha quedado sin materia, toda vez que existe un cambio de situaci\u00f3n jur\u00eddica, ante la aprobaci\u00f3n de registro de candidaturas realizado por el Instituto Estatal Electoral y de Participaci\u00f3n Ciudadana de Oaxaca, a trav\u00e9s de su Acuerdo IEEPCO-CG-45\/2021.&nbsp;&nbsp;<\/p>\n\n\n\n<p class=\"MsoNormal\">De ah\u00ed que queda sin efecto el juicio promovido por Castro Salinas en contra de la Comisi\u00f3n Nacional de Elecciones de Morena por los resultados y diversas violaciones al proceso de selecci\u00f3n interna de candidaturas, de manera particular de quienes representaban a la comunidad afromexicana en el citado distrito.&nbsp;&nbsp;<\/p>\n\n\n\n<p class=\"MsoNormal\">Previamente el TEEO orden\u00f3 a la Comisi\u00f3n Nacional de Elecciones de Morena explicar a Rosa Mar\u00eda los motivos por el que no procedi\u00f3 su registro a diputaci\u00f3n por el principio de representaci\u00f3n proporcional en Oaxaca, como parte de la sentencia del Juicio para la Protecci\u00f3n de los Derechos Pol\u00edtico Electorales del Ciudadano, JDC\/106\/2021.&nbsp;<\/p>\n\n\n\n<p class=\"MsoNormal\">Ello, de acuerdo con la activista, abr\u00eda una brecha para la inclusi\u00f3n de mujeres ind\u00edgenas y afrodescendientes en espacios pol\u00edticos, asegurando que son esta las que buscan trabajar por sus comunidades desde el Congreso del Estado.&nbsp;&nbsp;&nbsp;<\/p>\n\n\n\n<p>Por tal motivo Castro Salinas acudi\u00f3 IEEPCO y solicit\u00f3 la revisi\u00f3n de las constancias y expedientes que otorgara la CNE de Morena y resolviera \u201cbajo el principio de progresividad de derechos, analizando la perspectiva de pluriculturalidad, de paridad de g\u00e9nero y con una perspectiva anti racista\u201d, lo cual no sucedi\u00f3.&nbsp;&nbsp;<\/p>\n\n\n\n<p>Y es que, el \u00f3rgano electoral local aprob\u00f3 las candidaturas a diputaciones locales y asegur\u00f3 que cumplieron con el principio de paridad de g\u00e9nero e incluyeron a personas ind\u00edgenas, afromexicanas, con discapacidad, mayores de 60 a\u00f1os y j\u00f3venes.&nbsp;&nbsp;<\/p>\n\n\n\n<p class=\"MsoNormal\">Tanto&nbsp;Rosa&nbsp;Mar\u00eda&nbsp;Castro&nbsp;Salinas como Jessica Itzel Garc\u00eda Garc\u00eda,&nbsp;Luz Irene del Carmen Montes Lara y Karina L\u00f3pez Regalado denunciaron haber sido discriminadas y vulneradas en sus derechos por Morena, al no tomarlas en cuenta como candidatas, a pesar de contar con el respaldo de sus comunidades y representar a los grupos hist\u00f3ricamente relegados.&nbsp;&nbsp;<\/p>\n\n\n\n<p class=\"MsoNormal\">&nbsp;La denuncia fue respalda por&nbsp;activistas y colectivos en defensa de los derechos pol\u00edticos de las mujeres, quienes exigieron a las autoridades electorales el reconocimiento y registro en cumplimiento de las acciones afirmativas emitidas por el IEEPCO y ratificadas por la Sala Superior del Tribunal Electoral del Poder Judicial de la Federaci\u00f3n.&nbsp;&nbsp;<\/p>\n\n\n\n<p class=\"xmsonormal\">Se\u00f1alaron que dichas acciones obligan a los partidos pol\u00edticos en Oaxaca, a registrar candidaturas afromexicanas e ind\u00edgenas en cinco f\u00f3rmulas de la elecci\u00f3n de diputadas\/os y en un 35 por ciento en cada segmento de competitividad para los ayuntamientos, adem\u00e1s de respetar la paridad entre los g\u00e9neros.  <\/p>\n","protected":false},"excerpt":{"rendered":"<p>Evlin Arag\u00f3n\/Zona Roja.&nbsp; Oaxaca de Ju\u00e1rez, Oax., 8 de mayo de 2021.-&nbsp;El pleno del Tribunal&hellip;<\/p>\n","protected":false},"author":2,"featured_media":26444,"comment_status":"closed","ping_status":"open","sticky":false,"template":"","format":"standard","meta":{"_lmt_disableupdate":"","_lmt_disable":"","_jetpack_memberships_contains_paid_content":false,"footnotes":""},"categories":[109,47],"tags":[],"class_list":["post-26970","post","type-post","status-publish","format-standard","has-post-thumbnail","hentry","category-minuto-a-minuto","category-zona-gris"],"jetpack_featured_media_url":"https:\/\/zonaroja.com.mx\/wp-content\/uploads\/2021\/04\/Rosa-Maria-Castro-S..jpg","jetpack_sharing_enabled":true,"_links":{"self":[{"href":"https:\/\/zonaroja.com.mx\/index.php?rest_route=\/wp\/v2\/posts\/26970","targetHints":{"allow":["GET"]}}],"collection":[{"href":"https:\/\/zonaroja.com.mx\/index.php?rest_route=\/wp\/v2\/posts"}],"about":[{"href":"https:\/\/zonaroja.com.mx\/index.php?rest_route=\/wp\/v2\/types\/post"}],"author":[{"embeddable":true,"href":"https:\/\/zonaroja.com.mx\/index.php?rest_route=\/wp\/v2\/users\/2"}],"replies":[{"embeddable":true,"href":"https:\/\/zonaroja.com.mx\/index.php?rest_route=%2Fwp%2Fv2%2Fcomments&post=26970"}],"version-history":[{"count":1,"href":"https:\/\/zonaroja.com.mx\/index.php?rest_route=\/wp\/v2\/posts\/26970\/revisions"}],"predecessor-version":[{"id":26971,"href":"https:\/\/zonaroja.com.mx\/index.php?rest_route=\/wp\/v2\/posts\/26970\/revisions\/26971"}],"wp:featuredmedia":[{"embeddable":true,"href":"https:\/\/zonaroja.com.mx\/index.php?rest_route=\/wp\/v2\/media\/26444"}],"wp:attachment":[{"href":"https:\/\/zonaroja.com.mx\/index.php?rest_route=%2Fwp%2Fv2%2Fmedia&parent=26970"}],"wp:term":[{"taxonomy":"category","embeddable":true,"href":"https:\/\/zonaroja.com.mx\/index.php?rest_route=%2Fwp%2Fv2%2Fcategories&post=26970"},{"taxonomy":"post_tag","embeddable":true,"href":"https:\/\/zonaroja.com.mx\/index.php?rest_route=%2Fwp%2Fv2%2Ftags&post=26970"}],"curies":[{"name":"wp","href":"https:\/\/api.w.org\/{rel}","templated":true}]}}