{"id":26975,"date":"2021-05-08T14:32:04","date_gmt":"2021-05-08T19:32:04","guid":{"rendered":"http:\/\/www.zonaroja.com.mx\/?p=26975"},"modified":"2021-05-08T14:32:09","modified_gmt":"2021-05-08T19:32:09","slug":"sueltenme-me-estan-lastimando-ayuda-joven-agredida-por-policia-de-tlacolula","status":"publish","type":"post","link":"https:\/\/zonaroja.com.mx\/?p=26975","title":{"rendered":"\u201c\u00a1Su\u00e9ltenme, me est\u00e1n lastimando!\u00a1 Ayuda!\u201d: joven agredida por polic\u00eda de Tlacolula"},"content":{"rendered":"\n<p>Yuridiana Sosa\/Zona Roja.<\/p>\n\n\n\n<p>Oaxaca de Ju\u00e1rez, Oax., 8 de mayo de 2021.- Elementos de la polic\u00eda municipal de Tlacolula de Matamoros agredieron a una joven mujer, por presuntamente grabar con su tel\u00e9fono a los uniformados cuando emit\u00edan una infracci\u00f3n; el ataque qued\u00f3 grabado y fue difundido en redes sociales.<\/p>\n\n\n\n<p>El hecho ocurri\u00f3 la noche del pasado 5 de mayo en calles del centro de Tlacolula, de la regi\u00f3n de Valles Centrales, municipio encabezado por Carlos Le\u00f3n Monterrubio, del Partido Morena.<\/p>\n\n\n\n<p>En la agresi\u00f3n a la mujer, participan elementos femeninos de la polic\u00eda, pero tambi\u00e9n se encontraron presentes uniformados varones.<\/p>\n\n\n\n<p>De acuerdo con las versiones extraoficiales, la agresi\u00f3n surge cuando la mujer comenz\u00f3 a grabar con su tel\u00e9fono el levantamiento de una infracci\u00f3n contra su familiar, con quien iba a bordo de una motocicleta.<\/p>\n\n\n\n<p>Al considerar que no hab\u00eda motivos para la multa, y probablemente incurrir en un acto de abuso de autoridad, la joven quiso evidenciar el hecho, seg\u00fan la informaci\u00f3n preliminar. Sin embargo, el suceso sali\u00f3 de control cuando agredieron a la mujer.<\/p>\n\n\n\n<p>\u201c\u00bfQu\u00e9 le pasa? \u00a1no le estoy haciendo nada, su\u00e9ltenme!\u201d, grit\u00f3 la mujer atemorizada ante los elementos que ya la ten\u00edan sometida de acuerdo a las im\u00e1genes del video, donde adem\u00e1s se logra apreciar que la mujer polic\u00eda est\u00e1 cubierta del rostro con una pashmina negra con blanco.<\/p>\n\n\n\n<p>El terror se apoder\u00f3 de la joven y con m\u00e1s fuerza sigui\u00f3 gritando y suplicando. \u201cD\u00e9jeme, d\u00e9jeme, d\u00e9jeme, su\u00e9ltenme, no es estoy robando a nadie. \u00bfPor qu\u00e9 me est\u00e1 agarrando?\u201d<\/p>\n\n\n\n<p>&#8211;Mi compa\u00f1era le est\u00e1 hablando &#8211;respondi\u00f3 una mujer polic\u00eda.<\/p>\n\n\n\n<p>-Su\u00e9ltame, me est\u00e1 lastimando&#8230;oiga\u2026 \u00a1ayuda! \u00a1Me est\u00e1 lastimando, ayuda, ay\u00fadenme, Por favor por favor! &#8211;Volvi\u00f3 a suplicar la mujer.<\/p>\n\n\n\n<p>Entre los gritos desesperados de la v\u00edctima, se escucha en el video la voz de otra mujer polic\u00eda que le dice con impaciencia: \u201c\u00a1Ya! C\u00e1lmate ya\u201d, seguida de unas voces masculinas que tambi\u00e9n piden a la se\u00f1orita calmarse.<\/p>\n\n\n\n<p>El video de la agresi\u00f3n ha comenzado a viralizarse en medios digitales, mientras que en algunos grupos de redes sociales de Tlacolula tambi\u00e9n muestran a la elemento, presunta responsable de la agresi\u00f3n.<\/p>\n","protected":false},"excerpt":{"rendered":"<p>Yuridiana Sosa\/Zona Roja. Oaxaca de Ju\u00e1rez, Oax., 8 de mayo de 2021.- Elementos de la&hellip;<\/p>\n","protected":false},"author":2,"featured_media":26976,"comment_status":"closed","ping_status":"open","sticky":false,"template":"","format":"standard","meta":{"_lmt_disableupdate":"","_lmt_disable":"","_jetpack_memberships_contains_paid_content":false,"footnotes":""},"categories":[109,47],"tags":[127],"class_list":["post-26975","post","type-post","status-publish","format-standard","has-post-thumbnail","hentry","category-minuto-a-minuto","category-zona-gris","tag-tlacolula-de-matamoros"],"jetpack_featured_media_url":"https:\/\/zonaroja.com.mx\/wp-content\/uploads\/2021\/05\/Mujer-agredida-Tlacolula.jpg","jetpack_sharing_enabled":true,"_links":{"self":[{"href":"https:\/\/zonaroja.com.mx\/index.php?rest_route=\/wp\/v2\/posts\/26975","targetHints":{"allow":["GET"]}}],"collection":[{"href":"https:\/\/zonaroja.com.mx\/index.php?rest_route=\/wp\/v2\/posts"}],"about":[{"href":"https:\/\/zonaroja.com.mx\/index.php?rest_route=\/wp\/v2\/types\/post"}],"author":[{"embeddable":true,"href":"https:\/\/zonaroja.com.mx\/index.php?rest_route=\/wp\/v2\/users\/2"}],"replies":[{"embeddable":true,"href":"https:\/\/zonaroja.com.mx\/index.php?rest_route=%2Fwp%2Fv2%2Fcomments&post=26975"}],"version-history":[{"count":1,"href":"https:\/\/zonaroja.com.mx\/index.php?rest_route=\/wp\/v2\/posts\/26975\/revisions"}],"predecessor-version":[{"id":26977,"href":"https:\/\/zonaroja.com.mx\/index.php?rest_route=\/wp\/v2\/posts\/26975\/revisions\/26977"}],"wp:featuredmedia":[{"embeddable":true,"href":"https:\/\/zonaroja.com.mx\/index.php?rest_route=\/wp\/v2\/media\/26976"}],"wp:attachment":[{"href":"https:\/\/zonaroja.com.mx\/index.php?rest_route=%2Fwp%2Fv2%2Fmedia&parent=26975"}],"wp:term":[{"taxonomy":"category","embeddable":true,"href":"https:\/\/zonaroja.com.mx\/index.php?rest_route=%2Fwp%2Fv2%2Fcategories&post=26975"},{"taxonomy":"post_tag","embeddable":true,"href":"https:\/\/zonaroja.com.mx\/index.php?rest_route=%2Fwp%2Fv2%2Ftags&post=26975"}],"curies":[{"name":"wp","href":"https:\/\/api.w.org\/{rel}","templated":true}]}}