{"id":26982,"date":"2021-05-08T19:04:43","date_gmt":"2021-05-09T00:04:43","guid":{"rendered":"http:\/\/www.zonaroja.com.mx\/?p=26982"},"modified":"2021-05-08T19:04:48","modified_gmt":"2021-05-09T00:04:48","slug":"ordena-teeo-eleccion-extraordinaria-en-huazantlan-del-rio","status":"publish","type":"post","link":"https:\/\/zonaroja.com.mx\/?p=26982","title":{"rendered":"Ordena TEEO elecci\u00f3n extraordinaria en Huazantl\u00e1n del R\u00edo"},"content":{"rendered":"\n<p>Yuridiana Sosa\/Zona Roja.<\/p>\n\n\n\n<p>Oaxaca de Ju\u00e1rez, Oax., 8 de mayo de 2021.- El Tribunal Electoral del Estado de Oaxaca (TEEO) declar\u00f3 como inv\u00e1lidas las asambleas generales en la agencia de Huazantl\u00e1n del R\u00edo, perteneciente a San Mateo del Mar, y orden\u00f3 un nuevo proceso para elecciones extraordinarias.<\/p>\n\n\n\n<p>En sesi\u00f3n del viernes, el pleno del \u00f3rgano resolvi\u00f3 los juicios JDCI\/26\/2021 y JDCI\/40\/2021 en los que determin\u00f3 como jur\u00eddicamente no v\u00e1lidas las asambleas generales comunitarias exhibidas por las partes.<\/p>\n\n\n\n<p>Inform\u00f3 que el primer juicio fue promovido por Jos\u00e9 Luis Ch\u00e1vez Salinas y el segundo por Adri\u00e1n Templado Espinoza y otros, en contra del secretario General de Gobierno de Oaxaca, Francisco Garc\u00eda L\u00f3pez.<\/p>\n\n\n\n<p>El pasado 15 de noviembre de 2020 se llev\u00f3 a cabo una asamblea en Huazantl\u00e1n del R\u00edo, en la que result\u00f3 electo Jos\u00e9 Luis Ch\u00e1vez Salinas, se\u00f1alado por familiares de las v\u00edctimas de la masacre de junio como uno de los autores donde 15 personas fueron asesinadas.<\/p>\n\n\n\n<p>Durante la jornada de noviembre, realizada en la Escuela Telesecundaria y pese a la pandemia de Covid-19, estuvo resguardada por elementos de la Secretar\u00eda de Seguridad P\u00fablica de Oaxaca.<\/p>\n\n\n\n<p>Por la incertidumbre de vivir en su comunidad, amenazas y para exigir justicia, un grupo de familiares de las v\u00edctimas mortales arrib\u00f3 en diciembre pasado a la capital para instalar un \u201cplant\u00f3n\u201d indefinido en el z\u00f3calo, frente a Palacio de Gobierno.<\/p>\n\n\n\n<p>Sin embargo, durante el tiempo de su estancia el Gobierno del Estado lo ha ignorado y ha sido la Comisi\u00f3n Nacional de Derechos Humanos (CNDH) la que ha mostrado inter\u00e9s y hecho presencia en el plant\u00f3n para atestiguar las condiciones de las v\u00edctimas indirectas de la masacre.<\/p>\n\n\n\n<p>Entre la noche del 21 de junio y la madrugada del 22 del a\u00f1o pasado, fueron asesinados 14 varones y una mujer por un conflicto pol\u00edtico social que hasta ahora la Fiscal\u00eda General del Estado ha logrado explicar, ni se han realizado detenciones de personas.<\/p>\n","protected":false},"excerpt":{"rendered":"<p>Yuridiana Sosa\/Zona Roja. Oaxaca de Ju\u00e1rez, Oax., 8 de mayo de 2021.- El Tribunal Electoral&hellip;<\/p>\n","protected":false},"author":2,"featured_media":15505,"comment_status":"closed","ping_status":"open","sticky":false,"template":"","format":"standard","meta":{"_lmt_disableupdate":"","_lmt_disable":"","_jetpack_memberships_contains_paid_content":false,"footnotes":""},"categories":[109,47],"tags":[1656],"class_list":["post-26982","post","type-post","status-publish","format-standard","has-post-thumbnail","hentry","category-minuto-a-minuto","category-zona-gris","tag-huazantlan-del-rio"],"jetpack_featured_media_url":"https:\/\/zonaroja.com.mx\/wp-content\/uploads\/2020\/07\/Protesta-Huazantl\u00e1n.jpg","jetpack_sharing_enabled":true,"_links":{"self":[{"href":"https:\/\/zonaroja.com.mx\/index.php?rest_route=\/wp\/v2\/posts\/26982","targetHints":{"allow":["GET"]}}],"collection":[{"href":"https:\/\/zonaroja.com.mx\/index.php?rest_route=\/wp\/v2\/posts"}],"about":[{"href":"https:\/\/zonaroja.com.mx\/index.php?rest_route=\/wp\/v2\/types\/post"}],"author":[{"embeddable":true,"href":"https:\/\/zonaroja.com.mx\/index.php?rest_route=\/wp\/v2\/users\/2"}],"replies":[{"embeddable":true,"href":"https:\/\/zonaroja.com.mx\/index.php?rest_route=%2Fwp%2Fv2%2Fcomments&post=26982"}],"version-history":[{"count":1,"href":"https:\/\/zonaroja.com.mx\/index.php?rest_route=\/wp\/v2\/posts\/26982\/revisions"}],"predecessor-version":[{"id":26983,"href":"https:\/\/zonaroja.com.mx\/index.php?rest_route=\/wp\/v2\/posts\/26982\/revisions\/26983"}],"wp:featuredmedia":[{"embeddable":true,"href":"https:\/\/zonaroja.com.mx\/index.php?rest_route=\/wp\/v2\/media\/15505"}],"wp:attachment":[{"href":"https:\/\/zonaroja.com.mx\/index.php?rest_route=%2Fwp%2Fv2%2Fmedia&parent=26982"}],"wp:term":[{"taxonomy":"category","embeddable":true,"href":"https:\/\/zonaroja.com.mx\/index.php?rest_route=%2Fwp%2Fv2%2Fcategories&post=26982"},{"taxonomy":"post_tag","embeddable":true,"href":"https:\/\/zonaroja.com.mx\/index.php?rest_route=%2Fwp%2Fv2%2Ftags&post=26982"}],"curies":[{"name":"wp","href":"https:\/\/api.w.org\/{rel}","templated":true}]}}