{"id":26984,"date":"2021-05-08T20:06:00","date_gmt":"2021-05-09T01:06:00","guid":{"rendered":"http:\/\/www.zonaroja.com.mx\/?p=26984"},"modified":"2021-05-08T20:06:08","modified_gmt":"2021-05-09T01:06:08","slug":"registra-oaxaca-15-homicidios-en-48-horas-6-fueron-asesinatos-a-balazos","status":"publish","type":"post","link":"https:\/\/zonaroja.com.mx\/?p=26984","title":{"rendered":"Registra Oaxaca 15 homicidios en 48 horas; 6 fueron asesinatos a balazos"},"content":{"rendered":"\n<p>Ismael Garc\u00eda M.\/Zona Roja.<\/p>\n\n\n\n<p>Oaxaca de Ju\u00e1rez, Oax., 8 de mayo de 2021.- En poco m\u00e1s de 48 horas, el estado de Oaxaca ha registrado 15 homicidios, la mitad de ellos dolosos; seis casos fueron cr\u00edmenes perpetrados por disparos de arma de fuego.<\/p>\n\n\n\n<p>Alrededor del mediod\u00eda de este s\u00e1bado, un hombre fue asesinado a balazos en el exterior de una refaccionaria, en el bulevar principal de Pinotepa Nacional, municipio de la regi\u00f3n de la Costa.<\/p>\n\n\n\n<p>De acuerdo con los primeros datos, se trata de un joven de aproximadamente 20 a\u00f1os de edad, que ten\u00eda su domicilio en la colonia El Porvenir, y hasta esta noche a\u00fan no era identificado.<\/p>\n\n\n\n<p>Una hora despu\u00e9s de ese suceso, fueron ejecutados dos individuos \u2013presuntos simpatizantes del PRI&#8211;, en la avenida Progreso y 11 Poniente, del barrio Yutacu del mismo municipio; ambos no han sido identificados legalmente.<\/p>\n\n\n\n<p>Por la ma\u00f1ana, en la colonia 10 de Abril de San Juan Bautista Tuxtepec, de la regi\u00f3n Cuenca, fue hallado el cuerpo sin vida de una mujer, en una vivienda sencilla; tampoco se cuenta por el momento con su nombre formal y la forma en que fue victimada.<\/p>\n\n\n\n<p>Anoche, en la localidad de San Jos\u00e9 Camotinch\u00e1n, del municipio de San Sebasti\u00e1n Ixcapa, fue ultimado el chofer de una camioneta de pasaje y carga, que se dirig\u00eda a Pinotepa Nacional; la v\u00edctima fue identificada como Hugo Alberto A. S., de 37 a\u00f1os de edad y los victimarios viajaban como pasajeros.<\/p>\n\n\n\n<p>La noche del jueves, tambi\u00e9n en Pinotepa Nacional, un motociclista fue asesinado en la avenida \u00c1lvaro Carrillo del barrio \u00d1uzaca; mientras que la noche del mi\u00e9rcoles, en la comunidad de El Carrizo del mismo municipio, un joven de nombre \u00c1lvaro N. L., tambi\u00e9n fue ultimado.<\/p>\n\n\n\n<p>LOS ACCIDENTES<\/p>\n\n\n\n<p>Por otra parte, tambi\u00e9n en poco m\u00e1s de 48 horas, al menos ocho personas han perdido la vida a causa de accidentes.<\/p>\n\n\n\n<p>El m\u00e1s reciente anoche, en la carretera federal 200, tramo Santa Cruz Huatulco-crucero al acceso al aeropuerto de Bah\u00edas de Huatulco, donde dos j\u00f3venes fueron arrollados y murieron en el pavimento; a\u00fan se desconocen sus generales.<\/p>\n\n\n\n<p>En tanto que tambi\u00e9n anoche, pero en la carretera que comunica a Santo Domingo Tehuantepec con Salina Cruz, un individuo choc\u00f3 su unidad de motor con una retroexcavadora estacionada a un costad de la vialidad; el hombre qued\u00f3 prensado y muri\u00f3; respondi\u00f3 en vida al nombre de Abel Guerra L\u00f3pez.<\/p>\n\n\n\n<p>Tambi\u00e9n anoche, pero en la carretera federal 190, Oaxaca-Istmo, en jurisdicci\u00f3n de San Francisco Tanivet, Tlacolula, un hombre que cambiaba una llanta a su veh\u00edculo a un costado de la cinta asf\u00e1ltica, fue atropellado y muri\u00f3 al instante.<\/p>\n\n\n\n<p>El jueves, cuatro personas perdieron la vida, una de ellas en un choque entre un veh\u00edculo particular y una camioneta de pasajeros, en la carretera 131 Oaxaca-Puerto Escondido, en jurisdicci\u00f3n de Ayoqezco de Aldama, esta \u00faltima que se incendi\u00f3; el chofer de la primera unidad, Isidro Bernal J., muri\u00f3 en el lugar.<\/p>\n\n\n\n<p>Por la ma\u00f1ana en la v\u00eda federal 175 Oaxaca- Tuxtepec, en inmediaciones del municipio de Valle Nacional, tres personas fueron arrolladas, dos de las cuales perdieron la vida en el lugar y una en camino al hospital en Tuxtepec.<\/p>\n","protected":false},"excerpt":{"rendered":"<p>Ismael Garc\u00eda M.\/Zona Roja. Oaxaca de Ju\u00e1rez, Oax., 8 de mayo de 2021.- En poco&hellip;<\/p>\n","protected":false},"author":2,"featured_media":26986,"comment_status":"closed","ping_status":"open","sticky":false,"template":"","format":"standard","meta":{"_lmt_disableupdate":"","_lmt_disable":"","_jetpack_memberships_contains_paid_content":false,"footnotes":""},"categories":[109,51],"tags":[651],"class_list":["post-26984","post","type-post","status-publish","format-standard","has-post-thumbnail","hentry","category-minuto-a-minuto","category-zona-roja","tag-santiago-pinotepa-nacional"],"jetpack_featured_media_url":"https:\/\/zonaroja.com.mx\/wp-content\/uploads\/2021\/05\/Asesinado-en-Pinotepa-Nacional.jpg","jetpack_sharing_enabled":true,"_links":{"self":[{"href":"https:\/\/zonaroja.com.mx\/index.php?rest_route=\/wp\/v2\/posts\/26984","targetHints":{"allow":["GET"]}}],"collection":[{"href":"https:\/\/zonaroja.com.mx\/index.php?rest_route=\/wp\/v2\/posts"}],"about":[{"href":"https:\/\/zonaroja.com.mx\/index.php?rest_route=\/wp\/v2\/types\/post"}],"author":[{"embeddable":true,"href":"https:\/\/zonaroja.com.mx\/index.php?rest_route=\/wp\/v2\/users\/2"}],"replies":[{"embeddable":true,"href":"https:\/\/zonaroja.com.mx\/index.php?rest_route=%2Fwp%2Fv2%2Fcomments&post=26984"}],"version-history":[{"count":1,"href":"https:\/\/zonaroja.com.mx\/index.php?rest_route=\/wp\/v2\/posts\/26984\/revisions"}],"predecessor-version":[{"id":26987,"href":"https:\/\/zonaroja.com.mx\/index.php?rest_route=\/wp\/v2\/posts\/26984\/revisions\/26987"}],"wp:featuredmedia":[{"embeddable":true,"href":"https:\/\/zonaroja.com.mx\/index.php?rest_route=\/wp\/v2\/media\/26986"}],"wp:attachment":[{"href":"https:\/\/zonaroja.com.mx\/index.php?rest_route=%2Fwp%2Fv2%2Fmedia&parent=26984"}],"wp:term":[{"taxonomy":"category","embeddable":true,"href":"https:\/\/zonaroja.com.mx\/index.php?rest_route=%2Fwp%2Fv2%2Fcategories&post=26984"},{"taxonomy":"post_tag","embeddable":true,"href":"https:\/\/zonaroja.com.mx\/index.php?rest_route=%2Fwp%2Fv2%2Ftags&post=26984"}],"curies":[{"name":"wp","href":"https:\/\/api.w.org\/{rel}","templated":true}]}}