{"id":26988,"date":"2021-05-08T21:05:24","date_gmt":"2021-05-09T02:05:24","guid":{"rendered":"http:\/\/www.zonaroja.com.mx\/?p=26988"},"modified":"2021-05-08T21:05:29","modified_gmt":"2021-05-09T02:05:29","slug":"detiene-fiscalia-de-oaxaca-investigacion-en-caso-chander-de-acatlan-denuncian","status":"publish","type":"post","link":"https:\/\/zonaroja.com.mx\/?p=26988","title":{"rendered":"Detiene Fiscal\u00eda de Oaxaca investigaci\u00f3n en caso \u201cChander\u201d de Acatl\u00e1n, denuncian"},"content":{"rendered":"\n<p>Yuridiana Sosa\/Zona Roja.<\/p>\n\n\n\n<p>San Juan Bautista Tuxtepec, Oax., 8 de mayo de 2021.- Las investigaciones por el crimen de Alexander Mart\u00ednez, \u201cChander\u201d, asesinado presuntamente por la polic\u00eda municipal de Acatl\u00e1n de P\u00e9rez Figueroa, fueron suspendidas por parte de la Fiscal\u00eda General de Oaxaca en el a\u00f1o 2020, denunciaron los padres del adolescente.<\/p>\n\n\n\n<p>En una protesta efectuada hoy, a 11 meses del crimen de quien ten\u00eda la nacionalidad mexicana y norteamericana, as\u00ed como la agresi\u00f3n armada a otros j\u00f3venes en la comunidad de Vicente Camalote de Acatl\u00e1n, en la regi\u00f3n Cuenca, realizad por la Polic\u00eda Municipal, la se\u00f1ora Virginia G\u00f3mez expuso el hecho de injusticia, el cual los padres relacionan a presuntos actos de corrupci\u00f3n.<\/p>\n\n\n\n<p>Con enojo e impotencia por el proceso de justicia detenido, Teodoro G\u00f3mez, padre del joven v\u00edctima, destac\u00f3 el probable influyentismo del edil de Acatl\u00e1n, Ad\u00e1n Maciel, para proteger a sus elementos policiales.<\/p>\n\n\n\n<figure class=\"wp-block-embed-twitter wp-block-embed is-type-rich is-provider-twitter\"><div class=\"wp-block-embed__wrapper\">\n<div class=\"twitter-tweet\"><blockquote class=\"twitter-tweet\" data-lang=\"es\"><p lang=\"es\" dir=\"ltr\"><a href=\"https:\/\/twitter.com\/hashtag\/%C3%9AltimoMinuto?src=hash&amp;ref_src=twsrc%5Etfw\">#\u00daltimoMinuto<\/a> <a href=\"https:\/\/twitter.com\/hashtag\/JusticiaParaChander?src=hash&amp;ref_src=twsrc%5Etfw\">#JusticiaParaChander<\/a><br>Entre l\u00e1grimas y rezos, la familia de Alexander efectu\u00f3 un homenaje al adolescente asesinado, en Acatl\u00e1n de P\u00e9rez Figueroa; reitera que a\u00fan no hay justicia. <br>Aqu\u00ed la transmisi\u00f3n de uno de los asistentes:<br>\ud83d\udc47<a href=\"https:\/\/t.co\/2kbSplKwcK\">https:\/\/t.co\/2kbSplKwcK<\/a> <a href=\"https:\/\/t.co\/0HimDwRCSv\">pic.twitter.com\/0HimDwRCSv<\/a><\/p>&mdash; Zona Roja Oaxaca (@Zona_Roja_Oax) <a href=\"https:\/\/twitter.com\/Zona_Roja_Oax\/status\/1391208927866626061?ref_src=twsrc%5Etfw\">9 de mayo de 2021<\/a><\/blockquote><\/div>\n<\/div><\/figure>\n\n\n\n<p>Pero, en medio del proceso electoral, los padres pidieron a la comunidad no votar por los candidatos respaldados por Ad\u00e1n Maciel, quien dej\u00f3 el Partido Acci\u00f3n Nacional -por el que actualmente gobierna-, para postular a sus allegadas por Morena, como es el caso de Jes\u00fas Ortega, ex secretario municipal que busca la presidencia de Acatl\u00e1n.<\/p>\n\n\n\n<p>Minutos despu\u00e9s, los padres de Alexander, acompa\u00f1ados de m\u00e1s habitantes se encontraron en la v\u00eda p\u00fablica con los candidatos de la alianza \u201cVa por M\u00e9xico\u201d y \u201cVa por Oaxaca\u201d, Antonio Amaro, candidato a diputado federal por el Distrito 1 de Tuxtepec; Gustavo D\u00edaz S\u00e1nchez, candidato a la diputaci\u00f3n local por el distrito de Acatl\u00e1n de P\u00e9rez Figueroa, y el candidato a presidente municipal, Guillermo Pe\u00f1a.<\/p>\n\n\n\n<p>Los padres de la v\u00edctima demandaron a los aspirantes que de ganar y representar al pueblo de Acatl\u00e1n, cumplan con seguridad y elementos policiales que realmente cuiden a la ciudadan\u00eda para evitar m\u00e1s actos de violencia.<\/p>\n","protected":false},"excerpt":{"rendered":"<p>Yuridiana Sosa\/Zona Roja. San Juan Bautista Tuxtepec, Oax., 8 de mayo de 2021.- Las investigaciones&hellip;<\/p>\n","protected":false},"author":2,"featured_media":26989,"comment_status":"closed","ping_status":"open","sticky":false,"template":"","format":"standard","meta":{"_lmt_disableupdate":"","_lmt_disable":"","_jetpack_memberships_contains_paid_content":false,"footnotes":""},"categories":[109,47],"tags":[187,1803],"class_list":["post-26988","post","type-post","status-publish","format-standard","has-post-thumbnail","hentry","category-minuto-a-minuto","category-zona-gris","tag-acatlan-de-perez-figueroa","tag-alexander-m-g"],"jetpack_featured_media_url":"https:\/\/zonaroja.com.mx\/wp-content\/uploads\/2021\/05\/Justicia-para-Alexander-Acatlan.jpg","jetpack_sharing_enabled":true,"_links":{"self":[{"href":"https:\/\/zonaroja.com.mx\/index.php?rest_route=\/wp\/v2\/posts\/26988","targetHints":{"allow":["GET"]}}],"collection":[{"href":"https:\/\/zonaroja.com.mx\/index.php?rest_route=\/wp\/v2\/posts"}],"about":[{"href":"https:\/\/zonaroja.com.mx\/index.php?rest_route=\/wp\/v2\/types\/post"}],"author":[{"embeddable":true,"href":"https:\/\/zonaroja.com.mx\/index.php?rest_route=\/wp\/v2\/users\/2"}],"replies":[{"embeddable":true,"href":"https:\/\/zonaroja.com.mx\/index.php?rest_route=%2Fwp%2Fv2%2Fcomments&post=26988"}],"version-history":[{"count":1,"href":"https:\/\/zonaroja.com.mx\/index.php?rest_route=\/wp\/v2\/posts\/26988\/revisions"}],"predecessor-version":[{"id":26990,"href":"https:\/\/zonaroja.com.mx\/index.php?rest_route=\/wp\/v2\/posts\/26988\/revisions\/26990"}],"wp:featuredmedia":[{"embeddable":true,"href":"https:\/\/zonaroja.com.mx\/index.php?rest_route=\/wp\/v2\/media\/26989"}],"wp:attachment":[{"href":"https:\/\/zonaroja.com.mx\/index.php?rest_route=%2Fwp%2Fv2%2Fmedia&parent=26988"}],"wp:term":[{"taxonomy":"category","embeddable":true,"href":"https:\/\/zonaroja.com.mx\/index.php?rest_route=%2Fwp%2Fv2%2Fcategories&post=26988"},{"taxonomy":"post_tag","embeddable":true,"href":"https:\/\/zonaroja.com.mx\/index.php?rest_route=%2Fwp%2Fv2%2Ftags&post=26988"}],"curies":[{"name":"wp","href":"https:\/\/api.w.org\/{rel}","templated":true}]}}