{"id":26991,"date":"2021-05-08T21:42:32","date_gmt":"2021-05-09T02:42:32","guid":{"rendered":"http:\/\/www.zonaroja.com.mx\/?p=26991"},"modified":"2021-05-08T21:42:37","modified_gmt":"2021-05-09T02:42:37","slug":"anuncia-amlo-en-oaxaca-10-parques-industriales-para-el-istmo","status":"publish","type":"post","link":"https:\/\/zonaroja.com.mx\/?p=26991","title":{"rendered":"Anuncia AMLO en Oaxaca 10 parques industriales para el Istmo"},"content":{"rendered":"\n<p>Redacci\u00f3n\/Zona Roja.<\/p>\n\n\n\n<p>Oaxaca de Ju\u00e1rez, Oax., 8 de mayo de 2021.- De gira por el estado de Oaxaca, el Presidente Andr\u00e9s Manuel L\u00f3pez Obrador destac\u00f3 las bondades del Corredor Trans\u00edstmico y anunci\u00f3 la creaci\u00f3n de al menos 10 parques industriales.<\/p>\n\n\n\n<p>Procedente del estado de Veracruz, el mandatario mexicano hizo un alto a un costado de la carretera Trans\u00edstmica, cerca del acceso al municipio de San Juan Guichicovi, donde presumi\u00f3 la gastronom\u00eda oaxaque\u00f1a que degust\u00f3.<\/p>\n\n\n\n<p>Adem\u00e1s de hablar del \u201cmosaico cultural de Oaxaca\u201d, donde \u201cse concentra toda la grandeza, la fortaleza cultural de M\u00e9xico\u201d, destac\u00f3 el Proyecto Trans\u00edstmico, que unir\u00e1 los puertos de Salina Cruz, Oaxaca, con Coatzacoalcos, Veracruz, y con ello agilizar el transporte de mercanc\u00edas entre los oc\u00e9anos Atl\u00e1ntico y Pac\u00edfico.<\/p>\n\n\n\n<figure class=\"wp-block-embed-twitter wp-block-embed is-type-rich is-provider-twitter\"><div class=\"wp-block-embed__wrapper\">\n<div class=\"twitter-tweet\"><blockquote class=\"twitter-tweet\" data-lang=\"es\"><p lang=\"es\" dir=\"ltr\"><a href=\"https:\/\/twitter.com\/hashtag\/%C3%9AltimoMinuto?src=hash&amp;ref_src=twsrc%5Etfw\">#\u00daltimoMinuto<\/a> <br>El Presidente de <a href=\"https:\/\/twitter.com\/hashtag\/M%C3%A9xico?src=hash&amp;ref_src=twsrc%5Etfw\">#M\u00e9xico<\/a>, <a href=\"https:\/\/twitter.com\/lopezobrador_?ref_src=twsrc%5Etfw\">@lopezobrador_<\/a>, se encuentra en <a href=\"https:\/\/twitter.com\/hashtag\/Oaxaca?src=hash&amp;ref_src=twsrc%5Etfw\">#Oaxaca<\/a> este s\u00e1bado. <br>En San Juan <a href=\"https:\/\/twitter.com\/hashtag\/Guichicovi?src=hash&amp;ref_src=twsrc%5Etfw\">#Guichicovi<\/a> disfruta de la gastronom\u00eda regional y habla adem\u00e1s del Proyecto Trans\u00edstmico, para unir los dos oc\u00e9anos y detonar el desarrollo comercial. <a href=\"https:\/\/t.co\/0WIuwjb6oh\">pic.twitter.com\/0WIuwjb6oh<\/a><\/p>&mdash; Zona Roja Oaxaca (@Zona_Roja_Oax) <a href=\"https:\/\/twitter.com\/Zona_Roja_Oax\/status\/1391173996272443392?ref_src=twsrc%5Etfw\">8 de mayo de 2021<\/a><\/blockquote><\/div>\n<\/div><\/figure>\n\n\n\n<p>\u201cEs un gran proyecto, todos los pa\u00edses de Asia y la costa este de Estados Unidos, aqu\u00ed en esta cintura de nuestro pa\u00eds, se unen los dos oc\u00e9anos, porque son 300 kil\u00f3metros de Salina Cruz a Coatzacoalcos.<\/p>\n\n\n\n<p>\u201cEstamos rehabilitando los dos puertos, las dos refiner\u00edas, de Salina Cruz y Minatitl\u00e1n, adem\u00e1s de rehabilitar el ferrocarril del Istmo, y vamos a crear ya pronto 10 parques industriales para que haya mucho empleo en el Istmo.<\/p>\n\n\n\n<p>\u201cQue la gente no tenga la necesidad de emigrar, que se puedan quedar en el sureste, en el Istmo, con sus familias, con sus culturas\u201d, manifest\u00f3 en un mensaje en video, de aproximadamente cinco minutos.<\/p>\n\n\n\n<p>Esta noche, L\u00f3pez Obrador pernocta en Salina Cruz y el domingo prev\u00e9 realizar un recorrido junto con el mandatario Alejandro Murat Hinojosa por las escolleras de esa ciudad porte\u00f1a.<\/p>\n","protected":false},"excerpt":{"rendered":"<p>Redacci\u00f3n\/Zona Roja. Oaxaca de Ju\u00e1rez, Oax., 8 de mayo de 2021.- De gira por el&hellip;<\/p>\n","protected":false},"author":2,"featured_media":26992,"comment_status":"closed","ping_status":"open","sticky":false,"template":"","format":"standard","meta":{"_lmt_disableupdate":"","_lmt_disable":"","_jetpack_memberships_contains_paid_content":false,"footnotes":""},"categories":[1],"tags":[],"class_list":["post-26991","post","type-post","status-publish","format-standard","has-post-thumbnail","hentry","category-sin-categoria"],"jetpack_featured_media_url":"https:\/\/zonaroja.com.mx\/wp-content\/uploads\/2021\/05\/Andres-Manuel-Lopez-Obrador-Istmo-Oaxaca.jpg","jetpack_sharing_enabled":true,"_links":{"self":[{"href":"https:\/\/zonaroja.com.mx\/index.php?rest_route=\/wp\/v2\/posts\/26991","targetHints":{"allow":["GET"]}}],"collection":[{"href":"https:\/\/zonaroja.com.mx\/index.php?rest_route=\/wp\/v2\/posts"}],"about":[{"href":"https:\/\/zonaroja.com.mx\/index.php?rest_route=\/wp\/v2\/types\/post"}],"author":[{"embeddable":true,"href":"https:\/\/zonaroja.com.mx\/index.php?rest_route=\/wp\/v2\/users\/2"}],"replies":[{"embeddable":true,"href":"https:\/\/zonaroja.com.mx\/index.php?rest_route=%2Fwp%2Fv2%2Fcomments&post=26991"}],"version-history":[{"count":1,"href":"https:\/\/zonaroja.com.mx\/index.php?rest_route=\/wp\/v2\/posts\/26991\/revisions"}],"predecessor-version":[{"id":26993,"href":"https:\/\/zonaroja.com.mx\/index.php?rest_route=\/wp\/v2\/posts\/26991\/revisions\/26993"}],"wp:featuredmedia":[{"embeddable":true,"href":"https:\/\/zonaroja.com.mx\/index.php?rest_route=\/wp\/v2\/media\/26992"}],"wp:attachment":[{"href":"https:\/\/zonaroja.com.mx\/index.php?rest_route=%2Fwp%2Fv2%2Fmedia&parent=26991"}],"wp:term":[{"taxonomy":"category","embeddable":true,"href":"https:\/\/zonaroja.com.mx\/index.php?rest_route=%2Fwp%2Fv2%2Fcategories&post=26991"},{"taxonomy":"post_tag","embeddable":true,"href":"https:\/\/zonaroja.com.mx\/index.php?rest_route=%2Fwp%2Fv2%2Ftags&post=26991"}],"curies":[{"name":"wp","href":"https:\/\/api.w.org\/{rel}","templated":true}]}}