{"id":26994,"date":"2021-05-09T09:52:34","date_gmt":"2021-05-09T14:52:34","guid":{"rendered":"http:\/\/www.zonaroja.com.mx\/?p=26994"},"modified":"2021-05-08T22:03:47","modified_gmt":"2021-05-09T03:03:47","slug":"baja-tasa-de-fecundidad-en-mexico-tanto-en-contextos-urbanos-como-rurales","status":"publish","type":"post","link":"https:\/\/zonaroja.com.mx\/?p=26994","title":{"rendered":"Baja tasa de fecundidad en M\u00e9xico, tanto en contextos urbanos como rurales"},"content":{"rendered":"\n<p>Evlin Arag\u00f3n\/Zona Roja.<\/p>\n\n\n\n<p>Oaxaca de Ju\u00e1rez, Oax., 9 de mayo de 2021.- En la v\u00edspera de la celebraci\u00f3n del D\u00eda de la Madres, el Instituto Nacional de Estad\u00edstica y Geograf\u00eda (Inegi) dio a conocer que, en M\u00e9xico, las mujeres cada vez tienen menos hijas e hijos.&nbsp;<\/p>\n\n\n\n<p>De acuerdo con los datos proporcionadas, en 1999 la tasa global de fecundidad era de 2.86, mientras que diez a\u00f1os despu\u00e9s, en 2019, la tasa se redujo a 1.88 hijos por cada mil mujeres.&nbsp;&nbsp;<\/p>\n\n\n\n<p>De manera particular, la tasa global de fecundidad para las mujeres que hablan lengua ind\u00edgena fue de 2.85 en 2019, cifra menor a la de 1999 que fue de 4.15 hijos por cada mil mujeres; mientras que para las que no son hablantes de lengua ind\u00edgena fue de 1.82 hijos por mujer en 2019 y de 2.76, en 1999.<\/p>\n\n\n\n<p>Pese a lo anterior, el embarazo y con ello la maternidad en adolescentes sigue registrando un n\u00famero importante, lo cual pone a las j\u00f3venes en una mayor probabilidad de enfrentarse a situaciones que vulneran sus derechos como es la violencia, y son m\u00e1s propensas a repetir ciclos de pobreza.<\/p>\n\n\n\n<p>En las adolescentes que hablan lengua ind\u00edgena, la tasa de fecundidad fue de 73.5 hijos por cada mil mujeres de 15 a 19 a\u00f1os, dato que contrasta con respecto a la fecundidad de las adolescentes que no hablan lengua ind\u00edgena, que es de 41.2 por cada mil.<\/p>\n\n\n\n<p>Con respecto al estado civil y de acuerdo con el Censo de Poblaci\u00f3n y Vivienda 2020, 47 por ciento de las mujeres de 15 a\u00f1os con hijos, est\u00e1n casadas.<\/p>\n\n\n\n<p>En el caso de quienes hablan lengua ind\u00edgena, 28 por ciento se encuentran en uni\u00f3n libre y 14 por ciento son viudas; esta estructura es similar en las madres que no hablan lengua ind\u00edgena.<\/p>\n\n\n\n<p>Mientras que en el rubro de escolaridad el rezago educativo en las madres que hablan lengua ind\u00edgena es evidente, lo cual impacta significativa en su calidad de vida y la de sus hijos.&nbsp;<\/p>\n\n\n\n<p>Tan solo en la poblaci\u00f3n ind\u00edgena, 26 por ciento de las mujeres con hijos nacidos vivos no tienen escolaridad; 62 por ciento solo cuentan con instrucci\u00f3n b\u00e1sica; 8 por ciento tiene al grado aprobado de nivel medio superior y s\u00f3lo el 4 por ciento cuenta con estudios de nivel superior.&nbsp;<\/p>\n\n\n\n<p>LAS RECLUSAS<\/p>\n\n\n\n<p>Finalmente, las cifras dan cuenta de la condici\u00f3n de madres al interior de los centros penitenciarios estatales, donde se encontraban 415 mujeres privadas de la libertad, las cuales representan 4.4 por ciento del total de mujeres privadas de la libertad en los centros penitenciarios estatales.<\/p>\n\n\n\n<p>El mayor n\u00famero de personas se encontraba en el Estado de M\u00e9xico, Ciudad de M\u00e9xico y Veracruz, que en conjunto concentraron 36.9 por ciento de las mujeres privadas de la libertad que viv\u00edan con sus hijos menores de seis a\u00f1os.<\/p>\n\n\n\n<p>En el caso de Oaxaca solo se registraron cinco mujeres en esta condici\u00f3n.&nbsp;<\/p>\n","protected":false},"excerpt":{"rendered":"<p>Evlin Arag\u00f3n\/Zona Roja. Oaxaca de Ju\u00e1rez, Oax., 9 de mayo de 2021.- En la v\u00edspera&hellip;<\/p>\n","protected":false},"author":2,"featured_media":26996,"comment_status":"closed","ping_status":"open","sticky":false,"template":"","format":"standard","meta":{"_lmt_disableupdate":"","_lmt_disable":"","_jetpack_memberships_contains_paid_content":false,"footnotes":""},"categories":[109,47],"tags":[],"class_list":["post-26994","post","type-post","status-publish","format-standard","has-post-thumbnail","hentry","category-minuto-a-minuto","category-zona-gris"],"jetpack_featured_media_url":"https:\/\/zonaroja.com.mx\/wp-content\/uploads\/2021\/05\/Dia-de-las-Madres-1.jpeg","jetpack_sharing_enabled":true,"_links":{"self":[{"href":"https:\/\/zonaroja.com.mx\/index.php?rest_route=\/wp\/v2\/posts\/26994","targetHints":{"allow":["GET"]}}],"collection":[{"href":"https:\/\/zonaroja.com.mx\/index.php?rest_route=\/wp\/v2\/posts"}],"about":[{"href":"https:\/\/zonaroja.com.mx\/index.php?rest_route=\/wp\/v2\/types\/post"}],"author":[{"embeddable":true,"href":"https:\/\/zonaroja.com.mx\/index.php?rest_route=\/wp\/v2\/users\/2"}],"replies":[{"embeddable":true,"href":"https:\/\/zonaroja.com.mx\/index.php?rest_route=%2Fwp%2Fv2%2Fcomments&post=26994"}],"version-history":[{"count":1,"href":"https:\/\/zonaroja.com.mx\/index.php?rest_route=\/wp\/v2\/posts\/26994\/revisions"}],"predecessor-version":[{"id":26997,"href":"https:\/\/zonaroja.com.mx\/index.php?rest_route=\/wp\/v2\/posts\/26994\/revisions\/26997"}],"wp:featuredmedia":[{"embeddable":true,"href":"https:\/\/zonaroja.com.mx\/index.php?rest_route=\/wp\/v2\/media\/26996"}],"wp:attachment":[{"href":"https:\/\/zonaroja.com.mx\/index.php?rest_route=%2Fwp%2Fv2%2Fmedia&parent=26994"}],"wp:term":[{"taxonomy":"category","embeddable":true,"href":"https:\/\/zonaroja.com.mx\/index.php?rest_route=%2Fwp%2Fv2%2Fcategories&post=26994"},{"taxonomy":"post_tag","embeddable":true,"href":"https:\/\/zonaroja.com.mx\/index.php?rest_route=%2Fwp%2Fv2%2Ftags&post=26994"}],"curies":[{"name":"wp","href":"https:\/\/api.w.org\/{rel}","templated":true}]}}