{"id":2700,"date":"2019-07-31T22:12:49","date_gmt":"2019-08-01T03:12:49","guid":{"rendered":"http:\/\/www.zonaroja.com.mx\/?p=2700"},"modified":"2019-07-31T22:12:52","modified_gmt":"2019-08-01T03:12:52","slug":"rinen-transportistas-en-la-capital-dos-heridos-y-mototaxi-quemado","status":"publish","type":"post","link":"https:\/\/zonaroja.com.mx\/?p=2700","title":{"rendered":"Ri\u00f1en transportistas en la capital; dos heridos y mototaxi quemado"},"content":{"rendered":"\n<p>Redacci\u00f3n<\/p>\n\n\n\n<p>Oaxaca de\nJu\u00e1rez, Oax., 31 de julio de 2019.- Un mototaxi quemado y al menos dos personas\nlesionadas por disparos de arma de fuego es el saldo preliminar de un\nenfrentamiento ocurrido esta noche al norte de la ciudad de Oaxaca.<\/p>\n\n\n\n<p>Poco despu\u00e9s\nde las 21:00 horas se suscit\u00f3 la agresi\u00f3n entre dos grupos, hasta ahora no\nidentificados, sobre la llamada carretera a San Luis Beltr\u00e1n, en jurisdicci\u00f3n\nde la agencia Donaj\u00ed.<\/p>\n\n\n\n<p>Corporaciones\npoliciacas arribaron al lugar para resguardar el orden en tanto que varias\nambulancias acudieron para atender a los heridos de bala; dos de ellos son\nidentificados de manera preliminar como Manuel Ram\u00edrez V\u00e1squez y Juan Carlos Hern\u00e1ndez.\n<\/p>\n\n\n\n<p>Hasta el momento no se han reportado detenciones.<\/p>\n\n\n\n<figure class=\"wp-block-embed-twitter wp-block-embed is-type-rich is-provider-twitter\"><div class=\"wp-block-embed__wrapper\">\n<div class=\"twitter-tweet\"><blockquote class=\"twitter-tweet\" data-lang=\"es\"><p lang=\"es\" dir=\"ltr\"><a href=\"https:\/\/twitter.com\/hashtag\/OaxacaRojo?src=hash&amp;ref_src=twsrc%5Etfw\">#OaxacaRojo<\/a><br>Un enfrentamiento entre mototaxistas se suscit\u00f3 esta noche en inmediaciones de la agencia Donaj\u00ed, del municipio de Oaxaca de Ju\u00e1rez, con saldo preliminar de dos personas heridas de bala y una unidad de motor calcinada. <a href=\"https:\/\/t.co\/Nz1sp8lNSS\">pic.twitter.com\/Nz1sp8lNSS<\/a><\/p>&mdash; Zona Roja Oaxaca (@MexRoja) <a href=\"https:\/\/twitter.com\/MexRoja\/status\/1156762259907129346?ref_src=twsrc%5Etfw\">1 de agosto de 2019<\/a><\/blockquote><\/div>\n<\/div><\/figure>\n","protected":false},"excerpt":{"rendered":"<p>Redacci\u00f3n Oaxaca de Ju\u00e1rez, Oax., 31 de julio de 2019.- Un mototaxi quemado y al&hellip;<\/p>\n","protected":false},"author":2,"featured_media":2701,"comment_status":"closed","ping_status":"open","sticky":false,"template":"","format":"standard","meta":{"_lmt_disableupdate":"","_lmt_disable":"","_jetpack_memberships_contains_paid_content":false,"footnotes":""},"categories":[109,51],"tags":[],"class_list":["post-2700","post","type-post","status-publish","format-standard","has-post-thumbnail","hentry","category-minuto-a-minuto","category-zona-roja"],"jetpack_featured_media_url":"https:\/\/zonaroja.com.mx\/wp-content\/uploads\/2019\/07\/99ed0987-e53a-402a-9e89-c841ef487bef.jpg","jetpack_sharing_enabled":true,"_links":{"self":[{"href":"https:\/\/zonaroja.com.mx\/index.php?rest_route=\/wp\/v2\/posts\/2700","targetHints":{"allow":["GET"]}}],"collection":[{"href":"https:\/\/zonaroja.com.mx\/index.php?rest_route=\/wp\/v2\/posts"}],"about":[{"href":"https:\/\/zonaroja.com.mx\/index.php?rest_route=\/wp\/v2\/types\/post"}],"author":[{"embeddable":true,"href":"https:\/\/zonaroja.com.mx\/index.php?rest_route=\/wp\/v2\/users\/2"}],"replies":[{"embeddable":true,"href":"https:\/\/zonaroja.com.mx\/index.php?rest_route=%2Fwp%2Fv2%2Fcomments&post=2700"}],"version-history":[{"count":1,"href":"https:\/\/zonaroja.com.mx\/index.php?rest_route=\/wp\/v2\/posts\/2700\/revisions"}],"predecessor-version":[{"id":2702,"href":"https:\/\/zonaroja.com.mx\/index.php?rest_route=\/wp\/v2\/posts\/2700\/revisions\/2702"}],"wp:featuredmedia":[{"embeddable":true,"href":"https:\/\/zonaroja.com.mx\/index.php?rest_route=\/wp\/v2\/media\/2701"}],"wp:attachment":[{"href":"https:\/\/zonaroja.com.mx\/index.php?rest_route=%2Fwp%2Fv2%2Fmedia&parent=2700"}],"wp:term":[{"taxonomy":"category","embeddable":true,"href":"https:\/\/zonaroja.com.mx\/index.php?rest_route=%2Fwp%2Fv2%2Fcategories&post=2700"},{"taxonomy":"post_tag","embeddable":true,"href":"https:\/\/zonaroja.com.mx\/index.php?rest_route=%2Fwp%2Fv2%2Ftags&post=2700"}],"curies":[{"name":"wp","href":"https:\/\/api.w.org\/{rel}","templated":true}]}}