{"id":27002,"date":"2021-05-09T07:25:20","date_gmt":"2021-05-09T12:25:20","guid":{"rendered":"http:\/\/www.zonaroja.com.mx\/?p=27002"},"modified":"2021-05-09T07:25:24","modified_gmt":"2021-05-09T12:25:24","slug":"crisis-en-colombia-47-muertos-963-detenidos-548-desaparecidos-y-12-ataques-sexuales","status":"publish","type":"post","link":"https:\/\/zonaroja.com.mx\/?p=27002","title":{"rendered":"Crisis en Colombia: 47 muertos, 963 detenidos, 548 desaparecidos y 12 ataques sexuales"},"content":{"rendered":"\n<p>Redacci\u00f3n\/Zona Roja Cdmx.<\/p>\n\n\n\n<p>Ciudad de M\u00e9xico, 9 de mayo de 2021.- Dos semanas de inconformidad por el incremento gubernamental de impuestos en Colombia, han dejado saldos fatales para la poblaci\u00f3n civil.<\/p>\n\n\n\n<p>La Defensor\u00eda del Pueblo inform\u00f3 ayer que, de acuerdo con sus registros, el n\u00famero de manifestantes desaparecidos se elev\u00f3 a 548 desde el 28 de abril, cuando inici\u00f3 el paro nacional contra las reformas de la presidencia de Iv\u00e1n Duque, hasta el pasado viernes.<\/p>\n\n\n\n<p>En un comunicado, detall\u00f3 que la cifra de muertos aument\u00f3 a 26 (25 civiles y un polic\u00eda) y contabiliz\u00f3 en 405 los heridos, entre ellos 364 manifestantes y 41 agentes, pero no se refiri\u00f3 a las circunstancias o presuntos responsables de la violencia.<\/p>\n\n\n\n<p>Por su parte, las ONG Temblores y el Instituto de Estudios para el Desarrollo y la Paz (Indepaz) denunciaron en redes sociales que en los primeros 10 d\u00edas de manifestaciones 47 personas fueron asesinadas, 963 fueron detenidas de forma arbitraria y hubo 12 casos de violencia sexual. Afirman que los desaparecidos son 548 y 28 de los lesionados fueron heridos en los ojos.<\/p>\n\n\n\n<p>La oficialista Defensor\u00eda del Pueblo asegur\u00f3 que ha recibido 52 quejas de presuntas violaciones en contra de los derechos humanos de los manifestantes respecto a violaciones a la integridad personal, libertad de reuni\u00f3n, libertad de expresi\u00f3n y opini\u00f3n y a otros derechos como la vida, a no ser sometido a desaparici\u00f3n forzada y libertad personal.<\/p>\n\n\n\n<p>Apunt\u00f3 que se han habilitado 140 corredores humanitarios en 26 departamentos en el pa\u00eds para el ingreso de alimentos, insumos m\u00e9dicos, ox\u00edgeno, combustible y ambulancias, entre otros, adem\u00e1s de que se han realizado 111 mesas de di\u00e1logo y 151 asistencias de defensores p\u00fablicos.<\/p>\n\n\n\n<p>Por otro lado, el Ministerio de Defensa recuenta en un informe emitido el viernes pasado que asciende a 27 el n\u00famero de muertos durante las movilizaciones, 17 de los cuales se dieron en la ciudad de Cali, uno de los epicentros de las protestas.<\/p>\n\n\n\n<p>En la mayor\u00eda de los casos las organizaciones sociales se\u00f1alan como presunto responsable al Escuadr\u00f3n M\u00f3vil Antidisturbios, por el uso indiscriminado de armas de fuego, disparos de bala de goma contra los ojos de los manifestantes, veh\u00edculos blindados, abuso sexual y persecuciones, entre otras t\u00e1cticas de represi\u00f3n, que han sido condenadas por la comunidad internacional, las organizaciones de derechos humanos y la prensa.<\/p>\n\n\n\n<p>Colombia cumpli\u00f3 ayer 11 d\u00edas de manifestaciones en rechazo a la radicaci\u00f3n en el Congreso de una pol\u00e9mica reforma fiscal impulsada por el gobierno de Iv\u00e1n Duque a causa de la crisis econ\u00f3mica derivada de la pandemia de Covid-19, que fue retirada ante la presi\u00f3n de las movilizaciones la semana pasada.<\/p>\n\n\n\n<p>(Informaci\u00f3n de agencias internacionales y \u201cLa Jornada\u201d)<\/p>\n","protected":false},"excerpt":{"rendered":"<p>Redacci\u00f3n\/Zona Roja Cdmx. Ciudad de M\u00e9xico, 9 de mayo de 2021.- Dos semanas de inconformidad&hellip;<\/p>\n","protected":false},"author":2,"featured_media":27005,"comment_status":"closed","ping_status":"open","sticky":false,"template":"","format":"standard","meta":{"_lmt_disableupdate":"","_lmt_disable":"","_jetpack_memberships_contains_paid_content":false,"footnotes":""},"categories":[109,47],"tags":[2661],"class_list":["post-27002","post","type-post","status-publish","format-standard","has-post-thumbnail","hentry","category-minuto-a-minuto","category-zona-gris","tag-crisis-en-colombia"],"jetpack_featured_media_url":"https:\/\/zonaroja.com.mx\/wp-content\/uploads\/2021\/05\/Protestas-en-Colombia.jpg","jetpack_sharing_enabled":true,"_links":{"self":[{"href":"https:\/\/zonaroja.com.mx\/index.php?rest_route=\/wp\/v2\/posts\/27002","targetHints":{"allow":["GET"]}}],"collection":[{"href":"https:\/\/zonaroja.com.mx\/index.php?rest_route=\/wp\/v2\/posts"}],"about":[{"href":"https:\/\/zonaroja.com.mx\/index.php?rest_route=\/wp\/v2\/types\/post"}],"author":[{"embeddable":true,"href":"https:\/\/zonaroja.com.mx\/index.php?rest_route=\/wp\/v2\/users\/2"}],"replies":[{"embeddable":true,"href":"https:\/\/zonaroja.com.mx\/index.php?rest_route=%2Fwp%2Fv2%2Fcomments&post=27002"}],"version-history":[{"count":1,"href":"https:\/\/zonaroja.com.mx\/index.php?rest_route=\/wp\/v2\/posts\/27002\/revisions"}],"predecessor-version":[{"id":27006,"href":"https:\/\/zonaroja.com.mx\/index.php?rest_route=\/wp\/v2\/posts\/27002\/revisions\/27006"}],"wp:featuredmedia":[{"embeddable":true,"href":"https:\/\/zonaroja.com.mx\/index.php?rest_route=\/wp\/v2\/media\/27005"}],"wp:attachment":[{"href":"https:\/\/zonaroja.com.mx\/index.php?rest_route=%2Fwp%2Fv2%2Fmedia&parent=27002"}],"wp:term":[{"taxonomy":"category","embeddable":true,"href":"https:\/\/zonaroja.com.mx\/index.php?rest_route=%2Fwp%2Fv2%2Fcategories&post=27002"},{"taxonomy":"post_tag","embeddable":true,"href":"https:\/\/zonaroja.com.mx\/index.php?rest_route=%2Fwp%2Fv2%2Ftags&post=27002"}],"curies":[{"name":"wp","href":"https:\/\/api.w.org\/{rel}","templated":true}]}}