{"id":27013,"date":"2021-05-09T07:45:37","date_gmt":"2021-05-09T12:45:37","guid":{"rendered":"http:\/\/www.zonaroja.com.mx\/?p=27013"},"modified":"2021-05-09T07:45:42","modified_gmt":"2021-05-09T12:45:42","slug":"ofrece-javier-villacana-reforma-para-mejorar-e-impulsar-mercados-oaxaquenos","status":"publish","type":"post","link":"https:\/\/zonaroja.com.mx\/?p=27013","title":{"rendered":"Ofrece Javier Villaca\u00f1a reforma para mejorar e impulsar mercados oaxaque\u00f1os"},"content":{"rendered":"\n<p>Redacci\u00f3n\/Zona Roja.<\/p>\n\n\n\n<p>Oaxaca, Oax., 9 de mayo de 2021.- Javier Villaca\u00f1a Jim\u00e9nez, candidato com\u00fan de los partidos PAN, PRI y PRD a la presidencia municipal de Oaxaca de Ju\u00e1rez, garantiz\u00f3 m\u00e1s y mejores oportunidades para que los mercados p\u00fablicos compitan en igualdad de condiciones con las tiendas transnacionales.<\/p>\n\n\n\n<p>En el marco de su campa\u00f1a, el candidato com\u00fan de las tres fuerzas pol\u00edticas afirm\u00f3 ante locatarios del Mercado Org\u00e1nico Alternativo \u201cEl Pochote\u201d, ubicado en la colonia Reforma, que reformar\u00e1 los ordenamientos legales para que sean competitivos.<\/p>\n\n\n\n<p>En presencia de Andrea Alexandra Luna Bautista, Leticia Ugalde R\u00edos y Misael Gachupin Hip\u00f3lito, directivos de la mesa administrativa, el abanderado a la presidencia municipal de la capital del estado ofreci\u00f3 a los mercaderes convertirlos en sujetos de cr\u00e9dito ante las entidades crediticias privadas y gubernamentales.<\/p>\n\n\n\n<p>Con estas acciones, dijo Javier Villaca\u00f1a, vamos a fortalecer la actividad de las 78 familias que dependen de este mercado, al igual que la econom\u00eda familiar de quienes dedican su vida al comercio en los mercados.<\/p>\n\n\n\n<figure class=\"wp-block-embed-twitter wp-block-embed is-type-rich is-provider-twitter\"><div class=\"wp-block-embed__wrapper\">\n<div class=\"twitter-tweet\"><blockquote class=\"twitter-tweet\" data-lang=\"es\"><p lang=\"es\" dir=\"ltr\">Hoy visitamos el mercado \u201cEl Pochote\u201d y caminamos por la Col. Reforma con nuestro Candidato <a href=\"https:\/\/twitter.com\/JavierVillacana?ref_src=twsrc%5Etfw\">@JavierVillacana<\/a>, escuchando y conversando con las oaxaque\u00f1as y oaxaque\u00f1os.<br><br>El destino de <a href=\"https:\/\/twitter.com\/hashtag\/OaxacaDeJu%C3%A1rez?src=hash&amp;ref_src=twsrc%5Etfw\">#OaxacaDeJu\u00e1rez<\/a> est\u00e1 en tus manos.<a href=\"https:\/\/twitter.com\/hashtag\/JuntosLoHaremosDeNuevo?src=hash&amp;ref_src=twsrc%5Etfw\">#JuntosLoHaremosDeNuevo<\/a> <a href=\"https:\/\/twitter.com\/hashtag\/VaPorTi?src=hash&amp;ref_src=twsrc%5Etfw\">#VaPorTi<\/a> <a href=\"https:\/\/t.co\/wd7q9u2fbn\">pic.twitter.com\/wd7q9u2fbn<\/a><\/p>&mdash; Paula Silva Z\u00e1rate (@PaulaSiZar) <a href=\"https:\/\/twitter.com\/PaulaSiZar\/status\/1391237535800733698?ref_src=twsrc%5Etfw\">9 de mayo de 2021<\/a><\/blockquote><\/div>\n<\/div><\/figure>\n\n\n\n<p>Por su parte, los integrantes de la mesa directiva del Mercado Alternativo Org\u00e1nico \u201cEl Pochote\u201d reconocieron en el candidato Javier Villaca\u00f1a a una persona que cumple con la palabra empe\u00f1ada porque as\u00ed lo demostr\u00f3 en el trienio que gobern\u00f3 a la ciudad de Oaxaca.<\/p>\n\n\n\n<p>Despu\u00e9s, junto con integrantes de su planilla, Javier Villaca\u00f1a recorri\u00f3 casi dos kil\u00f3metros de distancia caminando las calles de Heroico Colegio Militar, Belisario Dom\u00ednguez, Amapolas, Escuela Naval Militar y un tramo de la calzada Porfirio D\u00edaz, platicando a los ciudadanos sus propuestas.<\/p>\n","protected":false},"excerpt":{"rendered":"<p>Redacci\u00f3n\/Zona Roja. Oaxaca, Oax., 9 de mayo de 2021.- Javier Villaca\u00f1a Jim\u00e9nez, candidato com\u00fan de&hellip;<\/p>\n","protected":false},"author":2,"featured_media":27014,"comment_status":"closed","ping_status":"open","sticky":false,"template":"","format":"standard","meta":{"_lmt_disableupdate":"","_lmt_disable":"","_jetpack_memberships_contains_paid_content":false,"footnotes":""},"categories":[109,46],"tags":[2456],"class_list":["post-27013","post","type-post","status-publish","format-standard","has-post-thumbnail","hentry","category-minuto-a-minuto","category-zona-blanca","tag-javier-villacana-jimenez"],"jetpack_featured_media_url":"https:\/\/zonaroja.com.mx\/wp-content\/uploads\/2021\/05\/8may-Pochote.jpeg","jetpack_sharing_enabled":true,"_links":{"self":[{"href":"https:\/\/zonaroja.com.mx\/index.php?rest_route=\/wp\/v2\/posts\/27013","targetHints":{"allow":["GET"]}}],"collection":[{"href":"https:\/\/zonaroja.com.mx\/index.php?rest_route=\/wp\/v2\/posts"}],"about":[{"href":"https:\/\/zonaroja.com.mx\/index.php?rest_route=\/wp\/v2\/types\/post"}],"author":[{"embeddable":true,"href":"https:\/\/zonaroja.com.mx\/index.php?rest_route=\/wp\/v2\/users\/2"}],"replies":[{"embeddable":true,"href":"https:\/\/zonaroja.com.mx\/index.php?rest_route=%2Fwp%2Fv2%2Fcomments&post=27013"}],"version-history":[{"count":1,"href":"https:\/\/zonaroja.com.mx\/index.php?rest_route=\/wp\/v2\/posts\/27013\/revisions"}],"predecessor-version":[{"id":27015,"href":"https:\/\/zonaroja.com.mx\/index.php?rest_route=\/wp\/v2\/posts\/27013\/revisions\/27015"}],"wp:featuredmedia":[{"embeddable":true,"href":"https:\/\/zonaroja.com.mx\/index.php?rest_route=\/wp\/v2\/media\/27014"}],"wp:attachment":[{"href":"https:\/\/zonaroja.com.mx\/index.php?rest_route=%2Fwp%2Fv2%2Fmedia&parent=27013"}],"wp:term":[{"taxonomy":"category","embeddable":true,"href":"https:\/\/zonaroja.com.mx\/index.php?rest_route=%2Fwp%2Fv2%2Fcategories&post=27013"},{"taxonomy":"post_tag","embeddable":true,"href":"https:\/\/zonaroja.com.mx\/index.php?rest_route=%2Fwp%2Fv2%2Ftags&post=27013"}],"curies":[{"name":"wp","href":"https:\/\/api.w.org\/{rel}","templated":true}]}}