{"id":27020,"date":"2021-05-09T14:58:19","date_gmt":"2021-05-09T19:58:19","guid":{"rendered":"http:\/\/www.zonaroja.com.mx\/?p=27020"},"modified":"2021-05-09T14:58:22","modified_gmt":"2021-05-09T19:58:22","slug":"otro-de-la-4t-que-mintio-revoca-teeo-registro-de-candidato-a-diputado-de-morena","status":"publish","type":"post","link":"https:\/\/zonaroja.com.mx\/?p=27020","title":{"rendered":"Otro de la 4T que minti\u00f3: revoca TEEO registro de candidato a diputado de Morena"},"content":{"rendered":"\n<p>Redacci\u00f3n\/Zona Roja.<\/p>\n\n\n\n<p>Oaxaca de Ju\u00e1rez, Oaxaca a 9 de mayo de 2021.- El Pleno del Tribunal Electoral del Estado de Oaxaca (TEEO) revoc\u00f3 el registro de Francisco Javier Ni\u00f1o Hern\u00e1ndez, como candidato propietario de Morena a diputado local por el distrito electoral III, con cabecera en Loma Bonita, Oaxaca.<\/p>\n\n\n\n<p>Lo anterior, ya que no se encuentra acreditada, de manera fehaciente, la autoadscripci\u00f3n ind\u00edgena que aludi\u00f3 este partido ante el Instituto Estatal Electoral y de Participaci\u00f3n Ciudadana de Oaxaca (IEEPCO).<\/p>\n\n\n\n<p>En consecuencia, el \u00f3rgano jurisdiccional orden\u00f3 al partido pol\u00edtico Morena que, rectifique la candidatura y presente una nueva postulaci\u00f3n, dentro del plazo de 48 horas siguientes a la notificaci\u00f3n de la presente sentencia.<\/p>\n\n\n\n<p>En el deshago del Juicio para la Protecci\u00f3n de los Derechos Pol\u00edtico Electorales del Ciudadano, identificado con la clave JDC\/134\/2021, se advirti\u00f3 que, de la revisi\u00f3n a la solicitud de registro, se observ\u00f3 que el ciudadano registrado no se autoadscribi\u00f3 como ind\u00edgena.<\/p>\n\n\n\n<p>Adem\u00e1s, en el escrito de manifestaci\u00f3n de autoadscripci\u00f3n ind\u00edgena presentado con posterioridad, se constat\u00f3 que el aspirante no refiri\u00f3 de qu\u00e9 comunidad ind\u00edgena es originario o descendiente.<\/p>\n\n\n\n<p>El pleno, con el voto en contra de la magistrada presidenta, Elizabeth Bautista Velasco, argument\u00f3, tambi\u00e9n, que Ni\u00f1o Hern\u00e1ndez indic\u00f3 haber nacido y tener una residencia por m\u00e1s de 40 a\u00f1os en la ciudad San Juan Bautista Tuxtepec, con lo que qued\u00f3 insatisfecha la demostraci\u00f3n de ser originario o pertenecer a una comunidad ind\u00edgena, aunado a que el municipio en el que radica no se ubica dentro del distrito electoral local III, al que pretende representar.<\/p>\n\n\n\n<p>En este asunto, el TEEO revoc\u00f3 el acuerdo IEEPCO-CG-45\/2021, emitido por el Consejo General del Instituto Estatal Electoral, ya que esta autoridad omiti\u00f3 realizar el an\u00e1lisis de las documentales presentadas por Morena para acreditar la autoadscripci\u00f3n ind\u00edgena calificada de la persona postulada como candidato, y en consecuencia, incumpli\u00f3 con el deber de motivar su determinaci\u00f3n.<\/p>\n","protected":false},"excerpt":{"rendered":"<p>Redacci\u00f3n\/Zona Roja. Oaxaca de Ju\u00e1rez, Oaxaca a 9 de mayo de 2021.- El Pleno del&hellip;<\/p>\n","protected":false},"author":2,"featured_media":27021,"comment_status":"closed","ping_status":"open","sticky":false,"template":"","format":"standard","meta":{"_lmt_disableupdate":"","_lmt_disable":"","_jetpack_memberships_contains_paid_content":false,"footnotes":""},"categories":[109,47],"tags":[2663],"class_list":["post-27020","post","type-post","status-publish","format-standard","has-post-thumbnail","hentry","category-minuto-a-minuto","category-zona-gris","tag-francisco-hernandez-nino"],"jetpack_featured_media_url":"https:\/\/zonaroja.com.mx\/wp-content\/uploads\/2021\/05\/Francisco-Hernandez-Nino.jpg","jetpack_sharing_enabled":true,"_links":{"self":[{"href":"https:\/\/zonaroja.com.mx\/index.php?rest_route=\/wp\/v2\/posts\/27020","targetHints":{"allow":["GET"]}}],"collection":[{"href":"https:\/\/zonaroja.com.mx\/index.php?rest_route=\/wp\/v2\/posts"}],"about":[{"href":"https:\/\/zonaroja.com.mx\/index.php?rest_route=\/wp\/v2\/types\/post"}],"author":[{"embeddable":true,"href":"https:\/\/zonaroja.com.mx\/index.php?rest_route=\/wp\/v2\/users\/2"}],"replies":[{"embeddable":true,"href":"https:\/\/zonaroja.com.mx\/index.php?rest_route=%2Fwp%2Fv2%2Fcomments&post=27020"}],"version-history":[{"count":1,"href":"https:\/\/zonaroja.com.mx\/index.php?rest_route=\/wp\/v2\/posts\/27020\/revisions"}],"predecessor-version":[{"id":27022,"href":"https:\/\/zonaroja.com.mx\/index.php?rest_route=\/wp\/v2\/posts\/27020\/revisions\/27022"}],"wp:featuredmedia":[{"embeddable":true,"href":"https:\/\/zonaroja.com.mx\/index.php?rest_route=\/wp\/v2\/media\/27021"}],"wp:attachment":[{"href":"https:\/\/zonaroja.com.mx\/index.php?rest_route=%2Fwp%2Fv2%2Fmedia&parent=27020"}],"wp:term":[{"taxonomy":"category","embeddable":true,"href":"https:\/\/zonaroja.com.mx\/index.php?rest_route=%2Fwp%2Fv2%2Fcategories&post=27020"},{"taxonomy":"post_tag","embeddable":true,"href":"https:\/\/zonaroja.com.mx\/index.php?rest_route=%2Fwp%2Fv2%2Ftags&post=27020"}],"curies":[{"name":"wp","href":"https:\/\/api.w.org\/{rel}","templated":true}]}}