{"id":27023,"date":"2021-05-09T16:14:22","date_gmt":"2021-05-09T21:14:22","guid":{"rendered":"http:\/\/www.zonaroja.com.mx\/?p=27023"},"modified":"2021-05-09T16:14:27","modified_gmt":"2021-05-09T21:14:27","slug":"los-amamos-cuidense-y-un-bonito-camino-le-dicen-a-amlo-en-oaxaca","status":"publish","type":"post","link":"https:\/\/zonaroja.com.mx\/?p=27023","title":{"rendered":"\u201c\u00a1Los amamos, cu\u00eddense y un bonito camino!\u201d, le dicen a AMLO en Oaxaca"},"content":{"rendered":"\n<p>Ismael Garc\u00eda M.\/Zona Roja.<\/p>\n\n\n\n<p>Oaxaca de Ju\u00e1rez, Oax., 9 de mayo de 2021.- Aunque lleg\u00f3 desde ayer casi de inc\u00f3gnito, sin actos p\u00fablicos, al Presidente Andr\u00e9s Manuel L\u00f3pez Obrador no le faltaron las porras en Oaxaca.<\/p>\n\n\n\n<p>\u201c\u00a1Los amamos, cu\u00eddense y un bonito camino!\u201d, le grita una mujer, al pasar la comitiva del mandatario por Santa Cruz Huatulco, con su compa\u00f1ero de viaje, el gobernador Alejandro Murat.<\/p>\n\n\n\n<p>Sin bajarse de la unidad, un ayudante recoge los papeles. Obrador s\u00f3lo sonr\u00ede y extiende la mano para saludar a la gente, a la orilla de la carretera federal 200, frente a la Universidad del Mar.<\/p>\n\n\n\n<p>&#8211;\u00a1Obrador, Obrador, Obrador! \u00a1Bravo, bravo!<\/p>\n\n\n\n<p>&#8211;Ac\u00e1 les recibimos, ac\u00e1 les recibimos. Por la pandemia no puede bajar el vidrio pero les escucha \u2013dice el ayudante cuando el convoy se detiene. Es mediod\u00eda de domingo.<\/p>\n\n\n\n<p>&#8211;Vamos justo en tiempo al aeropuerto, as\u00ed que mejor p\u00e1senme los documentos, p\u00e1senme los documentos \u2013insiste el ayudante, mientras Murat sonr\u00ede, en el asiento trasero de la camioneta.<\/p>\n\n\n\n<figure class=\"wp-block-embed-twitter wp-block-embed is-type-rich is-provider-twitter\"><div class=\"wp-block-embed__wrapper\">\n<div class=\"twitter-tweet\"><blockquote class=\"twitter-tweet\" data-lang=\"es\"><p lang=\"es\" dir=\"ltr\"><a href=\"https:\/\/twitter.com\/hashtag\/%C3%9AltimoMinuto?src=hash&amp;ref_src=twsrc%5Etfw\">#\u00daltimoMinuto<\/a> <br>Entre vivas y porras fue despedido el Presidente <a href=\"https:\/\/twitter.com\/lopezobrador_?ref_src=twsrc%5Etfw\">@lopezobrador_<\/a> en inmediaciones de <a href=\"https:\/\/twitter.com\/hashtag\/Huatulco?src=hash&amp;ref_src=twsrc%5Etfw\">#Huatulco<\/a>, tras concluir su visita a Salina Cruz; en la camioneta iba tambi\u00e9n el gobernador <a href=\"https:\/\/twitter.com\/alejandromurat?ref_src=twsrc%5Etfw\">@alejandromurat<\/a>. <br>Video: Jos\u00e9 Velasco. <a href=\"https:\/\/t.co\/xrQQ1Ni2Cr\">pic.twitter.com\/xrQQ1Ni2Cr<\/a><\/p>&mdash; Zona Roja Oaxaca (@Zona_Roja_Oax) <a href=\"https:\/\/twitter.com\/Zona_Roja_Oax\/status\/1391499946386468879?ref_src=twsrc%5Etfw\">9 de mayo de 2021<\/a><\/blockquote><\/div>\n<\/div><\/figure>\n\n\n\n<p>&#8211;\u00a1Abran paso, abran paso, ya!<\/p>\n\n\n\n<p>&#8211;\u00a1Los amamos, cu\u00eddense y un bonito camino!, gracias.<\/p>\n\n\n\n<p>&#8211;\u00a1Una foto, una foto!&#8230; \u00a1Se\u00f1or presidente queremos la Guardia Nacional para estas elecciones en Huatulco, no nos deje solo! \u00a1Seguridad, queremos seguridad!, los gritos, en un video compartido en redes sociales por Jos\u00e9 Velasco.<\/p>\n\n\n\n<p>LA VISITA<\/p>\n\n\n\n<p>Procedente del estado de Veracruz, Andr\u00e9s Manuel L\u00f3pez Obrador ingres\u00f3 ayer por la tarde a Oaxaca v\u00eda terrestre, por la zona oriente del Istmo. A un costado de la carretera Trans\u00edstmica, a la altura del crucero a San Juan Guichicovi, hizo un alto para degustar platillos oaxaque\u00f1os, incluyendo la tlayuda.<\/p>\n\n\n\n<p>Por la noche arrib\u00f3 y pernoct\u00f3 en Salina Cruz, donde fue recibido por Alejandro Murat; este domingo realizaron un recorrido por las obras del muelle de Salina Cruz, pero sin fotos y s\u00f3lo un video, en que el Presidente de M\u00e9xico detalla los trabajos.<\/p>\n\n\n\n<figure class=\"wp-block-embed-twitter wp-block-embed is-type-rich is-provider-twitter\"><div class=\"wp-block-embed__wrapper\">\n<div class=\"twitter-tweet\"><blockquote class=\"twitter-tweet\" data-lang=\"es\"><p lang=\"es\" dir=\"ltr\"><a href=\"https:\/\/twitter.com\/hashtag\/%C3%9AltimoMinuto?src=hash&amp;ref_src=twsrc%5Etfw\">#\u00daltimoMinuto<\/a> <br>En su segundo d\u00eda por <a href=\"https:\/\/twitter.com\/hashtag\/Oaxaca?src=hash&amp;ref_src=twsrc%5Etfw\">#Oaxaca<\/a>, el Presidente <a href=\"https:\/\/twitter.com\/lopezobrador_?ref_src=twsrc%5Etfw\">@lopezobrador_<\/a> supervis\u00f3 hoy la obras de dragado y construcci\u00f3n de una escollera en el puerto de Salina Cruz, acompa\u00f1ado del gobernador <a href=\"https:\/\/twitter.com\/alejandromurat?ref_src=twsrc%5Etfw\">@alejandromurat<\/a>. <br>El mandatario nacional comparti\u00f3 este video: <a href=\"https:\/\/t.co\/2B6UduabOb\">pic.twitter.com\/2B6UduabOb<\/a><\/p>&mdash; Zona Roja Oaxaca (@Zona_Roja_Oax) <a href=\"https:\/\/twitter.com\/Zona_Roja_Oax\/status\/1391487375730167811?ref_src=twsrc%5Etfw\">9 de mayo de 2021<\/a><\/blockquote><\/div>\n<\/div><\/figure>\n\n\n\n<p>\u201cEstamos terminando, a m\u00e1s tardar a finales del a\u00f1o pr\u00f3ximo; inversi\u00f3n de cuatro mil 600 millones de pesos, no cr\u00e9dito, presupuesto; ya no se usan los Pidiregas, &nbsp;eso que resulta oneroso, porque hay que pagar mucho por financiamiento.<\/p>\n\n\n\n<p>C\u00f3mo tenemos dinero, del presupuesto, y no se recurre al financiamiento porque no hay corrupci\u00f3n, ah\u00ed est\u00e1 la clave de todo, porque estamos ahorrando, no hay lujos en el gobierno, antes era un gobierno rico con pueblo pobre, el gobierno estaba ensimismado\u201d, destaca.<\/p>\n\n\n\n<p>Rese\u00f1a los trabajos de construcci\u00f3n de un rompeolas, con una extensi\u00f3n de un kil\u00f3metro 600 metros, que se prev\u00e9 se concluya a m\u00e1s tardar a finales del a\u00f1o pr\u00f3ximo.<\/p>\n\n\n\n<p>GOBIERNO CIEGO<\/p>\n\n\n\n<p>\u201cAntes no se atend\u00eda el desarrollo del pa\u00eds ni se volteaba a ver a la gente; estas obras son empleo, significan bienestar y desarrollo para nuestro pa\u00eds, esto lo so\u00f1\u00f3 Ju\u00e1rez (Benito), lo so\u00f1\u00f3 y convirti\u00f3 en realidad Porfirio D\u00edaz, que hizo este puerto, hizo tambi\u00e9n el tren del Istmo, el puerto de Coatzacoalcos, Veracruz\u201d.<\/p>\n\n\n\n<p>Agrega L\u00f3pez Obrador:<\/p>\n\n\n\n<p>\u201cEl proyecto del Istmo se impuls\u00f3 mucho, no tuvo el \u00e9xito que se esperaba porque entonces los pa\u00edses del Pac\u00edfico no ten\u00edan la importancia que tienen ahora. Ahora es distinto, los puertos del Pac\u00edfico son los que m\u00e1s carga mueven por barcos, ya no los del Golfo u Atl\u00e1ntico, ahora es Manzanillo, L\u00e1zaro C\u00e1rdenas, antes si acaso Veracruz, Tampico, porque China se convirti\u00f3 en la f\u00e1brica del mundo.<\/p>\n\n\n\n<p>\u201cNosotros tenemos este corredor para unir el Pac\u00edfico con el Atl\u00e1ntico, los pa\u00edses de Asia con la costa este de Estados Unidos, por eso estamos rehabilitando, construyendo este rompeolas, rehabilitando el puerto de Salina Cruz, de Coatzacoalcos, la v\u00eda del ferrocarril y estamos impulsando el desarrollo.<\/p>\n\n\n\n<p>\u201cDiez parques industriales en el corredor del Istmo; para que haya trabajo, progreso, con justicia, porque esto significa empleos, bienestar para la gente, y algo que quiero aclarar.<\/p>\n\n\n\n<p>\u201cNo se va a concesionar a particulares, mucho menos a extranjeros, es un asunto de soberan\u00eda, esto lo va a manejar el Estado mexicano y lo va a cuidar la Secretar\u00eda de Marina, a la que vamos a dejar encomendadas todas estas obras cuando la terminemos, por el bien, por el progreso de nuestro pa\u00eds\u201d, termina.<\/p>\n\n\n\n<p>Tras ello, la comitiva sali\u00f3 de Salina Cruz, con rumbo a Huatulco, donde el Presidente tom\u00f3 el avi\u00f3n de regreso a la Ciudad de M\u00e9xico.<\/p>\n","protected":false},"excerpt":{"rendered":"<p>Ismael Garc\u00eda M.\/Zona Roja. Oaxaca de Ju\u00e1rez, Oax., 9 de mayo de 2021.- Aunque lleg\u00f3&hellip;<\/p>\n","protected":false},"author":2,"featured_media":27024,"comment_status":"closed","ping_status":"open","sticky":false,"template":"","format":"standard","meta":{"_lmt_disableupdate":"","_lmt_disable":"","_jetpack_memberships_contains_paid_content":false,"footnotes":""},"categories":[109,46],"tags":[143],"class_list":["post-27023","post","type-post","status-publish","format-standard","has-post-thumbnail","hentry","category-minuto-a-minuto","category-zona-blanca","tag-andres-manuel-lopez-obrador"],"jetpack_featured_media_url":"https:\/\/zonaroja.com.mx\/wp-content\/uploads\/2021\/05\/Andres-Manuel-Lopez-Obrador-Oaxaca.jpg","jetpack_sharing_enabled":true,"_links":{"self":[{"href":"https:\/\/zonaroja.com.mx\/index.php?rest_route=\/wp\/v2\/posts\/27023","targetHints":{"allow":["GET"]}}],"collection":[{"href":"https:\/\/zonaroja.com.mx\/index.php?rest_route=\/wp\/v2\/posts"}],"about":[{"href":"https:\/\/zonaroja.com.mx\/index.php?rest_route=\/wp\/v2\/types\/post"}],"author":[{"embeddable":true,"href":"https:\/\/zonaroja.com.mx\/index.php?rest_route=\/wp\/v2\/users\/2"}],"replies":[{"embeddable":true,"href":"https:\/\/zonaroja.com.mx\/index.php?rest_route=%2Fwp%2Fv2%2Fcomments&post=27023"}],"version-history":[{"count":1,"href":"https:\/\/zonaroja.com.mx\/index.php?rest_route=\/wp\/v2\/posts\/27023\/revisions"}],"predecessor-version":[{"id":27025,"href":"https:\/\/zonaroja.com.mx\/index.php?rest_route=\/wp\/v2\/posts\/27023\/revisions\/27025"}],"wp:featuredmedia":[{"embeddable":true,"href":"https:\/\/zonaroja.com.mx\/index.php?rest_route=\/wp\/v2\/media\/27024"}],"wp:attachment":[{"href":"https:\/\/zonaroja.com.mx\/index.php?rest_route=%2Fwp%2Fv2%2Fmedia&parent=27023"}],"wp:term":[{"taxonomy":"category","embeddable":true,"href":"https:\/\/zonaroja.com.mx\/index.php?rest_route=%2Fwp%2Fv2%2Fcategories&post=27023"},{"taxonomy":"post_tag","embeddable":true,"href":"https:\/\/zonaroja.com.mx\/index.php?rest_route=%2Fwp%2Fv2%2Ftags&post=27023"}],"curies":[{"name":"wp","href":"https:\/\/api.w.org\/{rel}","templated":true}]}}