{"id":27027,"date":"2021-05-09T20:08:59","date_gmt":"2021-05-10T01:08:59","guid":{"rendered":"http:\/\/www.zonaroja.com.mx\/?p=27027"},"modified":"2021-05-09T20:09:02","modified_gmt":"2021-05-10T01:09:02","slug":"despues-de-13-meses-de-la-desaparicion-de-fatima-confirman-que-fue-enterrada-clandestinamente","status":"publish","type":"post","link":"https:\/\/zonaroja.com.mx\/?p=27027","title":{"rendered":"Despu\u00e9s de 13 meses de la desaparici\u00f3n de F\u00e1tima, confirman que fue enterrada clandestinamente"},"content":{"rendered":"\n<p>Redacci\u00f3n\/Zona Roja.<\/p>\n\n\n\n<p>Oaxaca de Ju\u00e1rez, Oax., 9 de mayo de 2021.- Trece meses despu\u00e9s de la desaparici\u00f3n de F\u00e1tima Palacios Moreno en Tuxtepec, la Fiscal\u00eda General del Estado confirm\u00f3 que la joven fue asesinada e inhumada clandestinamente.<\/p>\n\n\n\n<p>Adem\u00e1s, casi un a\u00f1o despu\u00e9s de la detenci\u00f3n de uno de los presuntos responsables, vincul\u00f3 a proceso a M. F. C. por el delito de \u201cdesaparici\u00f3n forzada cometida por particulares.<\/p>\n\n\n\n<p>Este domingo, en un comunicado, la Fiscal\u00eda inform\u00f3 que de acuerdo con la carpeta de investigaci\u00f3n 17103\/FCUE\/TUXTEPEC\/2020, los hechos se suscitaron el 2 de marzo de 2020, cuando el imputado, en complicidad con otro hombre identificado como O. B. G., a trav\u00e9s de redes sociales contact\u00f3 para ofrecer trabajo a la v\u00edctima a quien cit\u00f3 en el fraccionamiento Casas GEO de San Juan Tuxtepec, de donde la llev\u00f3 hacia el paraje \u201cLos Girasoles\u201d, ubicado en inmediaciones del camino \u201cPorvenir\u201d, perteneciente al referido municipio.<\/p>\n\n\n\n<p>\u201cAl llegar al sitio antes citado, el imputado M. F. C. probablemente priv\u00f3 de la vida a la v\u00edctima y posteriormente inhum\u00f3 el cuerpo sin vida en inmediaciones del paraje antes mencionado.<\/p>\n\n\n\n<p>\u201cTras ser llevado a audiencia y luego de que la FGEO aport\u00f3 los datos de prueba suficientes, el Juez de Control determin\u00f3 vincular a proceso a M. F. C., a quien impuso la medida cautelar de prisi\u00f3n preventiva y otorgando dos meses para el cierre de investigaci\u00f3n complementaria\u201d, detall\u00f3.<\/p>\n\n\n\n<p>El pasado 13 de junio, fue localizado en una fosa clandestina el cuerpo de F\u00e1tima P. M., joven de 18 a\u00f1os de edad, quien fue vista la \u00faltima vez el pasado 2 de marzo.<\/p>\n\n\n\n<p>En ese entonces, la Vicefiscal\u00eda Regional de la Cuenca notific\u00f3 a familiares de la joven que, por confesiones de Omar B. G.&#8211;\u2013detenido ese 13 de junio por la desaparici\u00f3n&#8211;, se trataba de F\u00e1tima, quien adem\u00e1s fue ultrajada sexualmente y torturada.<\/p>\n","protected":false},"excerpt":{"rendered":"<p>Redacci\u00f3n\/Zona Roja. Oaxaca de Ju\u00e1rez, Oax., 9 de mayo de 2021.- Trece meses despu\u00e9s de&hellip;<\/p>\n","protected":false},"author":2,"featured_media":13720,"comment_status":"closed","ping_status":"open","sticky":false,"template":"","format":"standard","meta":{"_lmt_disableupdate":"","_lmt_disable":"","_jetpack_memberships_contains_paid_content":false,"footnotes":""},"categories":[109,47],"tags":[1389],"class_list":["post-27027","post","type-post","status-publish","format-standard","has-post-thumbnail","hentry","category-minuto-a-minuto","category-zona-gris","tag-feminicidio-fatima"],"jetpack_featured_media_url":"https:\/\/zonaroja.com.mx\/wp-content\/uploads\/2020\/06\/F\u00e1tima-Tuxtepec.jpg","jetpack_sharing_enabled":true,"_links":{"self":[{"href":"https:\/\/zonaroja.com.mx\/index.php?rest_route=\/wp\/v2\/posts\/27027","targetHints":{"allow":["GET"]}}],"collection":[{"href":"https:\/\/zonaroja.com.mx\/index.php?rest_route=\/wp\/v2\/posts"}],"about":[{"href":"https:\/\/zonaroja.com.mx\/index.php?rest_route=\/wp\/v2\/types\/post"}],"author":[{"embeddable":true,"href":"https:\/\/zonaroja.com.mx\/index.php?rest_route=\/wp\/v2\/users\/2"}],"replies":[{"embeddable":true,"href":"https:\/\/zonaroja.com.mx\/index.php?rest_route=%2Fwp%2Fv2%2Fcomments&post=27027"}],"version-history":[{"count":1,"href":"https:\/\/zonaroja.com.mx\/index.php?rest_route=\/wp\/v2\/posts\/27027\/revisions"}],"predecessor-version":[{"id":27028,"href":"https:\/\/zonaroja.com.mx\/index.php?rest_route=\/wp\/v2\/posts\/27027\/revisions\/27028"}],"wp:featuredmedia":[{"embeddable":true,"href":"https:\/\/zonaroja.com.mx\/index.php?rest_route=\/wp\/v2\/media\/13720"}],"wp:attachment":[{"href":"https:\/\/zonaroja.com.mx\/index.php?rest_route=%2Fwp%2Fv2%2Fmedia&parent=27027"}],"wp:term":[{"taxonomy":"category","embeddable":true,"href":"https:\/\/zonaroja.com.mx\/index.php?rest_route=%2Fwp%2Fv2%2Fcategories&post=27027"},{"taxonomy":"post_tag","embeddable":true,"href":"https:\/\/zonaroja.com.mx\/index.php?rest_route=%2Fwp%2Fv2%2Ftags&post=27027"}],"curies":[{"name":"wp","href":"https:\/\/api.w.org\/{rel}","templated":true}]}}