{"id":27035,"date":"2021-05-10T10:00:41","date_gmt":"2021-05-10T15:00:41","guid":{"rendered":"http:\/\/www.zonaroja.com.mx\/?p=27035"},"modified":"2021-05-09T22:29:16","modified_gmt":"2021-05-10T03:29:16","slug":"desnaturalizar-la-violencia-contra-mujeres-principal-reto-de-sociedad-y-autoridades","status":"publish","type":"post","link":"https:\/\/zonaroja.com.mx\/?p=27035","title":{"rendered":"Desnaturalizar la violencia contra mujeres, principal reto de sociedad y autoridades"},"content":{"rendered":"\n<p>Redacci\u00f3n\/Zona Roja.<\/p>\n\n\n\n<p>Oaxaca de Ju\u00e1rez, Oax., 10 de mayo de 2021.- \u201cLa violencia que vivimos las mujeres en Oaxaca, en el pa\u00eds y todo el mundo, es de tipo cultural y estructural, lo que dificulta erradicarla ya que la mayor\u00eda de las sociedades llegan a creer que as\u00ed deber\u00eda ser, de ah\u00ed que el reto es desnaturalizar la violencia de g\u00e9nero\u201d.<\/p>\n\n\n\n<p>Son las palabras de la psic\u00f3loga feminista Ita Bico Cruz L\u00f3pez, quien se convirti\u00f3 en la quinta invitada del podcast \u201cOla Violeta\u201d, proyecto independiente que encabeza la periodista y colaboradora de ZONA ROJA, Evlin Arag\u00f3n.&nbsp;<\/p>\n\n\n\n<p>La tambi\u00e9n defensora de los derechos humanos de las mujeres, refiri\u00f3 que es indispensable que las mujeres aprendan desde muy j\u00f3venes, incluso siendo ni\u00f1as, a identificar la violencia que padecen como algo que no es natural, ya que \u00e9sta tiene como objetivo el control de sus cuerpos, ideas, pensamientos y sentimientos.<\/p>\n\n\n\n<p>\u201cPara desestructurar la violencia contra las mujeres, es importante reconocer que no es natural, que es una forma de discriminaci\u00f3n, y que promueve la desigualdad social en distintos aspectos y con alt\u00edsimos costos para todo un pa\u00eds, que al menos en M\u00e9xico pierde 12 mujeres al d\u00eda a causa de los feminicidios\u201d.&nbsp;<\/p>\n\n\n\n<p>Cruz L\u00f3pez indic\u00f3 que a\u00fan, con todos los avances impulsados por el movimiento feministas, persiste la idea de que la violencia al interior de los hogares es un tema privado y por tanto nadie deber\u00eda intervenir, lo cual es completamente falso y solo refuerza las justificaciones de las autoridades para no implementar acciones contundentes para su atenci\u00f3n.&nbsp;<\/p>\n\n\n\n<p>Explic\u00f3 que la violencia contra las mujeres al interior de los hogares, que tiene cifras sumamente elevadas en Oaxaca y todo el pa\u00eds, afecta a toda la familia y a las personas con quienes conviven, convirti\u00e9ndose en un problema social que debe ser atendido por el Estado desde varios frentes, a fin de procurar a quienes la padecen, sancionar a quienes la ejercen, pero sobre todo prevenir que los hechos sucedan y erradicarla al fin.<\/p>\n\n\n\n<p>As\u00ed mismo, record\u00f3 que son varios \u00e1mbitos en lo que se agreden a las mujeres no \u00fanicamente al interior del hogar, sino tambi\u00e9n en la calle, la escuela, la pol\u00edtica, el trabajo, los medios de comunicaci\u00f3n y el espacio virtual de manera m\u00e1s reciente, todos igual de peligrosos ya que vulneran su derecho a vivir una vida libre de violencia.&nbsp;<\/p>\n\n\n\n<p>Por lo anterior, sentenci\u00f3 que sumarse a la erradicaci\u00f3n de la violencia debe dejar de ser un discurso, particularmente para quienes aspiran o se encuentran en espacios de toda de decisi\u00f3n en los gobiernos, y entender que implica un compromiso pol\u00edticamente personal, social y \u00e9tico para convertir las palabras en hechos.&nbsp;&nbsp;<\/p>\n\n\n\n<p>Como parte de su labor al interior de la Defensor\u00eda de los Derechos Humanos del Pueblo de Oaxaca (DDHPO), Ita Bico Cruz L\u00f3pez, record\u00f3 que la violencia contra las mujeres no es responsabilidad de la v\u00edctima sino del hombre que la ejerce, de ah\u00ed que pueden acudir a dicha instancia para recibir asesor\u00eda, atenci\u00f3n psicol\u00f3gica y acompa\u00f1amiento legal.&nbsp;<\/p>\n\n\n\n<p>\u201cOla Violeta\u201d es un podcast feminista conducido por la periodista Evlin Arag\u00f3n que, en su primera temporada, aborda los principales temas de la agenda feminista en Oaxaca y que se encuentra disponible en Spotify, Deezer, Apple Podcast, Amazon Music y Google Podcast.&nbsp;&nbsp;&nbsp;<\/p>\n\n\n\n<p>Aqu\u00ed los enlaces de las referidas plataformas:<\/p>\n\n\n\n<p>Amazon Music:<\/p>\n\n\n\n<figure class=\"wp-block-embed\"><div class=\"wp-block-embed__wrapper\">\nhttps:\/\/music.amazon.com.mx\/&#8230;\/OLA-VIOLETAE5-VIOLENCIA&#8230;\n<\/div><\/figure>\n\n\n\n<p>Apple Podcasts:<\/p>\n\n\n\n<figure class=\"wp-block-embed\"><div class=\"wp-block-embed__wrapper\">\nhttps:\/\/podcasts.apple.com\/&#8230;\/e5&#8230;\/id1557127882&#8230;\n<\/div><\/figure>\n\n\n\n<p>Deezer:<\/p>\n\n\n\n<figure class=\"wp-block-embed\"><div class=\"wp-block-embed__wrapper\">\nhttps:\/\/deezer.page.link\/NXEKTvwaLZJSNfBS8\n<\/div><\/figure>\n\n\n\n<p>Spotify:<\/p>\n\n\n\n<figure class=\"wp-block-embed\"><div class=\"wp-block-embed__wrapper\">\nhttps:\/\/open.spotify.com\/episode\/7b71WzQC0c34Np5LxQh9Lq&#8230;\n<\/div><\/figure>\n\n\n\n<p>Google Podcast:<\/p>\n\n\n\n<figure class=\"wp-block-embed\"><div class=\"wp-block-embed__wrapper\">\nhttps:\/\/podcasts.google.com\/&#8230;\/YzFhYWMxZTktOTNiYi00MWEyL&#8230;\n<\/div><\/figure>\n","protected":false},"excerpt":{"rendered":"<p>Redacci\u00f3n\/Zona Roja. Oaxaca de Ju\u00e1rez, Oax., 10 de mayo de 2021.- \u201cLa violencia que vivimos&hellip;<\/p>\n","protected":false},"author":2,"featured_media":27036,"comment_status":"closed","ping_status":"open","sticky":false,"template":"","format":"standard","meta":{"_lmt_disableupdate":"","_lmt_disable":"","_jetpack_memberships_contains_paid_content":false,"footnotes":""},"categories":[109,46],"tags":[2548],"class_list":["post-27035","post","type-post","status-publish","format-standard","has-post-thumbnail","hentry","category-minuto-a-minuto","category-zona-blanca","tag-ola-violeta"],"jetpack_featured_media_url":"https:\/\/zonaroja.com.mx\/wp-content\/uploads\/2021\/05\/Ola-Violeta-Ita-Bico.png","jetpack_sharing_enabled":true,"_links":{"self":[{"href":"https:\/\/zonaroja.com.mx\/index.php?rest_route=\/wp\/v2\/posts\/27035","targetHints":{"allow":["GET"]}}],"collection":[{"href":"https:\/\/zonaroja.com.mx\/index.php?rest_route=\/wp\/v2\/posts"}],"about":[{"href":"https:\/\/zonaroja.com.mx\/index.php?rest_route=\/wp\/v2\/types\/post"}],"author":[{"embeddable":true,"href":"https:\/\/zonaroja.com.mx\/index.php?rest_route=\/wp\/v2\/users\/2"}],"replies":[{"embeddable":true,"href":"https:\/\/zonaroja.com.mx\/index.php?rest_route=%2Fwp%2Fv2%2Fcomments&post=27035"}],"version-history":[{"count":1,"href":"https:\/\/zonaroja.com.mx\/index.php?rest_route=\/wp\/v2\/posts\/27035\/revisions"}],"predecessor-version":[{"id":27037,"href":"https:\/\/zonaroja.com.mx\/index.php?rest_route=\/wp\/v2\/posts\/27035\/revisions\/27037"}],"wp:featuredmedia":[{"embeddable":true,"href":"https:\/\/zonaroja.com.mx\/index.php?rest_route=\/wp\/v2\/media\/27036"}],"wp:attachment":[{"href":"https:\/\/zonaroja.com.mx\/index.php?rest_route=%2Fwp%2Fv2%2Fmedia&parent=27035"}],"wp:term":[{"taxonomy":"category","embeddable":true,"href":"https:\/\/zonaroja.com.mx\/index.php?rest_route=%2Fwp%2Fv2%2Fcategories&post=27035"},{"taxonomy":"post_tag","embeddable":true,"href":"https:\/\/zonaroja.com.mx\/index.php?rest_route=%2Fwp%2Fv2%2Ftags&post=27035"}],"curies":[{"name":"wp","href":"https:\/\/api.w.org\/{rel}","templated":true}]}}