{"id":27039,"date":"2021-05-10T06:52:09","date_gmt":"2021-05-10T11:52:09","guid":{"rendered":"http:\/\/www.zonaroja.com.mx\/?p=27039"},"modified":"2021-05-10T06:52:13","modified_gmt":"2021-05-10T11:52:13","slug":"tras-bloqueo-de-12-horas-san-blas-atempa-aprueba-plan-de-corredor-interoceanico","status":"publish","type":"post","link":"https:\/\/zonaroja.com.mx\/?p=27039","title":{"rendered":"Tras bloqueo de 12 horas, San Blas Atempa aprueba plan de corredor interoce\u00e1nico"},"content":{"rendered":"\n<p>Redacci\u00f3n\/Zona Roja.<\/p>\n\n\n\n<p>Oaxaca de Ju\u00e1rez, Oax., 10 de mayo de 2021.- Luego de un bloqueo a la carretera Trans\u00edstmica por parte de un grupo de habitantes de la agencia Puente Madera, la mayor\u00eda de habitantes de San Blas Atempa aval\u00f3 en asamblea el plan de desarrollo para la regi\u00f3n del Istmo.<\/p>\n\n\n\n<p>En un comunicado el Gobierno de la Rep\u00fablica inform\u00f3 que dicha comunidad zapoteca, a trav\u00e9s de sus autoridades comunitarias, agrarias y municipales, autoriz\u00f3 por unanimidad la implementaci\u00f3n, dentro de su territorio, del Polo de Desarrollo para el Bienestar, que propone el Corredor Interoce\u00e1nico del Istmo de Tehuantepec (CIIT), como parte de las acciones para impulsar la actividad econ\u00f3mica regional.<\/p>\n\n\n\n<p>Durante la asamblea consultiva -que forma parte del proceso de consulta previa, libre e informada- mujeres y hombres ejercieron su derecho a participar y decidir sobre este proyecto estrat\u00e9gico, en el cual demandaron inclusi\u00f3n y expresaron abiertamente sus propuestas para ser tomadas en cuenta.<\/p>\n\n\n\n<p>Ante representantes de la Secretar\u00eda de Gobernaci\u00f3n (Segob) y del Instituto Nacional de los Pueblos Ind\u00edgenas (INPI), que fungieron como \u00f3rganos garante y t\u00e9cnico, respectivamente, as\u00ed como de 15 dependencias y entidades federales, representantes del gobierno estatal, autoridades ind\u00edgenas, personas trabajadoras del campo y ciudadan\u00eda en general que asisti\u00f3 a la consulta, celebraron la incursi\u00f3n del Polo de Desarrollo en su comunidad como un conjunto de oportunidades que permitir\u00e1n detonar la econom\u00eda regional.<\/p>\n\n\n\n<p>Las y los representantes que tomaron la palabra libremente para dar sus opiniones, con apoyo de un traductor a la lengua del pueblo binniz\u00e1, expresaron sus demandas por el cuidado del agua, el medio ambiente y los recursos naturales; pidieron que la mano de obra especializada sea contratada en el municipio, que haya empleos bien remunerados y que el Polo de Desarrollo sea acompa\u00f1ado con proyectos de educaci\u00f3n superior y servicios de salud de calidad.<\/p>\n\n\n\n<p>El representante de la Subsecretar\u00eda de Desarrollo Democr\u00e1tico, Participaci\u00f3n Social y Asuntos Religiosos de la Segob reafirm\u00f3 el compromiso del gobierno federal de garantizar el derecho a la participaci\u00f3n de las comunidades en los proyectos de desarrollo.<\/p>\n\n\n\n<p>La representaci\u00f3n del INPI expres\u00f3 frente a la asamblea que el Gobierno de M\u00e9xico garantiza el derecho colectivo de las comunidades ind\u00edgenas a decidir en proyectos que impactan de manera directa en sus territorios. En ese sentido, afirm\u00f3 que todas las participaciones de autoridades y representantes de San Blas Atempa quedar\u00e1n asentadas en un acta junto con los compromisos adquiridos, con el fin de integrar un esquema de seguimiento.<\/p>\n\n\n\n<p>Con lo anterior se busca brindar certeza jur\u00eddica a trav\u00e9s de los acuerdos consensados y firmados, en los que la comunidad podr\u00e1 emitir sus opiniones para que sean tomadas en cuenta en el dise\u00f1o y operaci\u00f3n del Polo de Desarrollo, as\u00ed como para integrar su visi\u00f3n comunitaria en el proyecto con pleno respeto a su derecho de libre determinaci\u00f3n.<\/p>\n\n\n\n<p>INSTALAR\u00c1N EMPRESAS<\/p>\n\n\n\n<p>El representante del CIIT refiri\u00f3 que los Polos de Desarrollo impulsar\u00e1n la instalaci\u00f3n de empresas que se vinculen con las actividades productivas de la regi\u00f3n y contribuyan a la generaci\u00f3n de empleos, cuidando en todo momento el cumplimiento a la normatividad de protecci\u00f3n ambiental.<\/p>\n\n\n\n<p>Afirm\u00f3 que se acompa\u00f1ar\u00e1n de acciones para fortalecer los sectores productivos y las habilidades de las y los j\u00f3venes, a fin de que puedan incorporarse en las nuevas empresas. Asimismo, agradeci\u00f3 el inter\u00e9s de la comunidad de sumarse a este proyecto y asegur\u00f3 que atender\u00e1 las peticiones emanadas de la asamblea y, en su caso, involucrar\u00e1 a las dependencias y entidades del gobierno federal y estatal que tengan competencia para su atenci\u00f3n.<\/p>\n\n\n\n<p>En un ambiente de di\u00e1logo, la Asamblea General de San Blas Atempa, que es el m\u00e1ximo \u00f3rgano de toma de decisi\u00f3n de la comunidad, acord\u00f3 tener participaci\u00f3n en todas las determinaciones que se tomen con respecto al Polo de Desarrollo frente a los observadores de la Comisi\u00f3n Nacional de los Derechos Humanos (CNDH) y del Programa de las Naciones Unidas para el Desarrollo (PNUD) en M\u00e9xico, que funge como aliado en la implementaci\u00f3n del Programa para el Desarrollo del Istmo de Tehuantepec y acompa\u00f1a en las consultas.<\/p>\n\n\n\n<p>Luego de que las cinco agencias del municipio otorgaron su autorizaci\u00f3n para implementar el proyecto, asentaron en el acta de acuerdos que instalar\u00e1n mesas de trabajo permanentes para asegurar que los beneficios sean equitativos y garantizar su participaci\u00f3n en el dise\u00f1o y operaci\u00f3n con respeto a las formas de vida de la poblaci\u00f3n.<\/p>\n\n\n\n<p>Con el objetivo de dar continuidad a los trabajos y mantener el di\u00e1logo abierto, se integr\u00f3 una Comisi\u00f3n de Seguimiento y Verificaci\u00f3n de Acuerdos, que contar\u00e1 con la participaci\u00f3n del presidente municipal, comisariado de Bienes Comunales, habitantes de las comunidades y una persona representante de cada dependencia federal.<\/p>\n\n\n\n<p>Para llegar a la etapa consultiva, el pasado fin de semana se llev\u00f3 a cabo una asamblea informativa en la que autoridades federales presentaron pormenores del Polo de Desarrollo y abrieron un lapso para su an\u00e1lisis por parte de las comunidades, a fin de que hoy externaran el sentido de su decisi\u00f3n, en este caso, a favor del proyecto.<\/p>\n","protected":false},"excerpt":{"rendered":"<p>Redacci\u00f3n\/Zona Roja. Oaxaca de Ju\u00e1rez, Oax., 10 de mayo de 2021.- Luego de un bloqueo&hellip;<\/p>\n","protected":false},"author":2,"featured_media":27040,"comment_status":"closed","ping_status":"open","sticky":false,"template":"","format":"standard","meta":{"_lmt_disableupdate":"","_lmt_disable":"","_jetpack_memberships_contains_paid_content":false,"footnotes":""},"categories":[109,46],"tags":[179],"class_list":["post-27039","post","type-post","status-publish","format-standard","has-post-thumbnail","hentry","category-minuto-a-minuto","category-zona-blanca","tag-san-blas-atempa"],"jetpack_featured_media_url":"https:\/\/zonaroja.com.mx\/wp-content\/uploads\/2021\/05\/Asamblea-San-Blas.jpg","jetpack_sharing_enabled":true,"_links":{"self":[{"href":"https:\/\/zonaroja.com.mx\/index.php?rest_route=\/wp\/v2\/posts\/27039","targetHints":{"allow":["GET"]}}],"collection":[{"href":"https:\/\/zonaroja.com.mx\/index.php?rest_route=\/wp\/v2\/posts"}],"about":[{"href":"https:\/\/zonaroja.com.mx\/index.php?rest_route=\/wp\/v2\/types\/post"}],"author":[{"embeddable":true,"href":"https:\/\/zonaroja.com.mx\/index.php?rest_route=\/wp\/v2\/users\/2"}],"replies":[{"embeddable":true,"href":"https:\/\/zonaroja.com.mx\/index.php?rest_route=%2Fwp%2Fv2%2Fcomments&post=27039"}],"version-history":[{"count":1,"href":"https:\/\/zonaroja.com.mx\/index.php?rest_route=\/wp\/v2\/posts\/27039\/revisions"}],"predecessor-version":[{"id":27041,"href":"https:\/\/zonaroja.com.mx\/index.php?rest_route=\/wp\/v2\/posts\/27039\/revisions\/27041"}],"wp:featuredmedia":[{"embeddable":true,"href":"https:\/\/zonaroja.com.mx\/index.php?rest_route=\/wp\/v2\/media\/27040"}],"wp:attachment":[{"href":"https:\/\/zonaroja.com.mx\/index.php?rest_route=%2Fwp%2Fv2%2Fmedia&parent=27039"}],"wp:term":[{"taxonomy":"category","embeddable":true,"href":"https:\/\/zonaroja.com.mx\/index.php?rest_route=%2Fwp%2Fv2%2Fcategories&post=27039"},{"taxonomy":"post_tag","embeddable":true,"href":"https:\/\/zonaroja.com.mx\/index.php?rest_route=%2Fwp%2Fv2%2Ftags&post=27039"}],"curies":[{"name":"wp","href":"https:\/\/api.w.org\/{rel}","templated":true}]}}