{"id":2704,"date":"2019-08-01T07:26:35","date_gmt":"2019-08-01T12:26:35","guid":{"rendered":"http:\/\/www.zonaroja.com.mx\/?p=2704"},"modified":"2019-08-01T07:26:38","modified_gmt":"2019-08-01T12:26:38","slug":"desidia-del-gobierno-de-oaxaca-mantiene-vigentes-conflictos-en-la-zona-mixe","status":"publish","type":"post","link":"https:\/\/zonaroja.com.mx\/?p=2704","title":{"rendered":"Desidia del gobierno de Oaxaca mantiene vigentes conflictos en la zona Mixe"},"content":{"rendered":"\n<p>Redacci\u00f3n<\/p>\n\n\n\n<p>Oaxaca de Ju\u00e1rez, Oax., 1 de agosto de\n2019.- La organizaci\u00f3n social Servicios del Pueblo Mixe denunci\u00f3 la presencia\nde dos conflictos \u00e1lgidos entre las comunidades de Tamazul\u00e1pam del Esp\u00edritu\nSanto y San Pedro y San Pablo Ayutla y el otro, entre San Miguel Quetzaltepec y\nSan Juan Bosco Chuxnab\u00e1n, ambos debido a la desidia del Gobierno del Estado por\natender las problem\u00e1ticas.<\/p>\n\n\n\n<p>Lo anterior pese a que los conflictos\nya han cobrado vidas humanos, al agudizarse la violencia en la zona Mixe por\ntemas agrarios, de acceso y distribuci\u00f3n de recursos naturales y municipales<\/p>\n\n\n\n<p>AYUTLA SIN SOLUCI\u00d3N<\/p>\n\n\n\n<p>Mediante un comunicado, recordaron que\ndesde hace dos a\u00f1os habitantes de San Pedro y San Pablo Ayutla han denunciado\nel despojo de la superficie de tierras donde se encuentra el manantial que\nprovee de agua a esta comunidad, lo anterior mediante la violencia ejercida por\nhabitantes de Tamazul\u00e1pam.<\/p>\n\n\n\n<p>Expusieron que dicha situaci\u00f3n ha sido minimizada e incluso disfrazada por el Gobernador del Estado, Alejandro Murat Hinojosa, que el pasado 13 de mayo anunci\u00f3 un acuerdo entre ambas comunidades, el cual fue desmentido al d\u00eda siguiente por autoridades de Ayutla.<\/p>\n\n\n\n<figure class=\"wp-block-embed-twitter wp-block-embed is-type-rich is-provider-twitter\"><div class=\"wp-block-embed__wrapper\">\n<div class=\"twitter-tweet\"><blockquote class=\"twitter-tweet\" data-lang=\"es\"><p lang=\"und\" dir=\"ltr\"><a href=\"https:\/\/twitter.com\/PedroMatias8?ref_src=twsrc%5Etfw\">@PedroMatias8<\/a> <a href=\"https:\/\/twitter.com\/pedromatias81?ref_src=twsrc%5Etfw\">@pedromatias81<\/a> <a href=\"https:\/\/twitter.com\/OVelezA?ref_src=twsrc%5Etfw\">@OVelezA<\/a> <a href=\"https:\/\/twitter.com\/jarquinedgar?ref_src=twsrc%5Etfw\">@jarquinedgar<\/a> <a href=\"https:\/\/twitter.com\/ImparcialOaxaca?ref_src=twsrc%5Etfw\">@ImparcialOaxaca<\/a> <a href=\"https:\/\/twitter.com\/nvinoticiasoax?ref_src=twsrc%5Etfw\">@nvinoticiasoax<\/a> <a href=\"https:\/\/twitter.com\/lajornadaonline?ref_src=twsrc%5Etfw\">@lajornadaonline<\/a> <a href=\"https:\/\/twitter.com\/cortv?ref_src=twsrc%5Etfw\">@cortv<\/a> <a href=\"https:\/\/twitter.com\/laminuta?ref_src=twsrc%5Etfw\">@Laminuta<\/a> <a href=\"https:\/\/twitter.com\/FloryCantoac?ref_src=twsrc%5Etfw\">@FloryCantoac<\/a> <a href=\"https:\/\/twitter.com\/TequioJuridico?ref_src=twsrc%5Etfw\">@TequioJuridico<\/a> <a href=\"https:\/\/twitter.com\/CentroProdh?ref_src=twsrc%5Etfw\">@CentroProdh<\/a> <a href=\"https:\/\/twitter.com\/SerapazMexico?ref_src=twsrc%5Etfw\">@SerapazMexico<\/a> <a href=\"https:\/\/twitter.com\/ONUDHmexico?ref_src=twsrc%5Etfw\">@ONUDHmexico<\/a> <a href=\"https:\/\/twitter.com\/Tlachinollan?ref_src=twsrc%5Etfw\">@Tlachinollan<\/a> <a href=\"https:\/\/twitter.com\/CodigoDH?ref_src=twsrc%5Etfw\">@CodigoDH<\/a> <a href=\"https:\/\/t.co\/jx2HnCPg3e\">pic.twitter.com\/jx2HnCPg3e<\/a><\/p>&mdash; Servicios del Pueblo Mixe A.C. (@_SER_ac) <a href=\"https:\/\/twitter.com\/_SER_ac\/status\/1156701706958229504?ref_src=twsrc%5Etfw\">31 de julio de 2019<\/a><\/blockquote><\/div>\n<\/div><\/figure>\n\n\n\n<p>LATENTE RIESGO DE ENFRENTAMIENTO<\/p>\n\n\n\n<p>Mientras que en el conflicto de\ncar\u00e1cter agrario entre Quetzaltepec y Chuxnab\u00e1n, recientemente y con la\nintermediaci\u00f3n del Instituto Nacional de los Pueblos Ind\u00edgenas (INPI), se firm\u00f3\nun acuerdo de paz, sin embargo ambos conflictos se mantienen de acuerdo a lo\nexpuesto por la asociaci\u00f3n civil.<\/p>\n\n\n\n<p>\u201cLos conflictos siguen sin resolverse y\nsin ser atendidos por alguna instituci\u00f3n del Estado, tan es as\u00ed que en las\nredes sociales podemos constatar que lejos de encontrar v\u00edas de soluci\u00f3n, se ha\nincrementado la polarizaci\u00f3n y confrontaci\u00f3n entre las comunidades\u201d, cita el\ncomunicado dirigido a la opini\u00f3n p\u00f9blica y las autoridades estatales.<\/p>\n\n\n\n<p>De acuerdo con la organizaci\u00f3n, debido\nal abandono y la omisi\u00f3n del gobierno de Oaxaca las comunidades est\u00e1n optando\npor resolver sus diferencias por la v\u00eda de la confrontaci\u00f3n y la violencia, lo\nque puede tener consecuencias de proporciones aun mayores.<\/p>\n\n\n\n<p>Aseguran que prueba del abandono se\ntraduce en la ausencia de instituciones de procuraci\u00f3n y administraci\u00f3n de\njusticia en la zona, lo que hace imposible recibir y atender las denuncias ante\nla comisi\u00f3n de posibles delitos.<\/p>\n\n\n\n<p>Por lo anterior exigieron a los\ngobiernos federal y estatal tomar las medidas necesarias para garantizar la paz\ny justicia en estas comunidades del pueblo Mixe y que de inmediato las\ninstancias de procuraci\u00f3n y administraci\u00f3n de justicia, proporcionen los\nservicios que legalmente les corresponde, para garantizar la paz, seguridad e\nintegridad de la sociedad.<\/p>\n\n\n\n<p>As\u00ed mismo, que se instalen mesas de\ndi\u00e1logo de manera interinstitucional entre las comunidades en conflicto y las\nautoridades para evitar que la violencia se desate en la zona Mixe y se vuelvan\na perder vidas humanas a consecuencia de la desidia ante las problem\u00e1ticas que\nenfrentan las comunidades ind\u00edgenas.<\/p>\n\n\n\n<p>SIGUEN ARMADOS<\/p>\n\n\n\n<p>Cabe se\u00f1alar que autoridades de San\nJuan Bosco Chuxnab\u00e1n denunciaron este martes la presencia de grupos armados a\norillas de su localidad encabezados por representantes comunales de San Miguel\nQuetzaltepec, quienes accionaron sus armas de alto calibre y ocasionaron da\u00f1os\nen templos, escuelas, oficinas y viviendas de la agencia municipal.<\/p>\n\n\n\n<p>Por lo que solicitaron la intervenci\u00f3n\ndel Gobierno del Estado para evitar enfrentamientos violentos y p\u00e8rdidas\nhumanas, de los cuales aseguran ser\u00eda responsable directo el gobernador\nAlejandro Murat Hinojosa, a la par que calificaron de \u201cteatro\u201d el acuerdo de\npaz firmado en febrero pasado, para acceder a los recursos municipales de la\ncabecera municipal.<\/p>\n\n\n\n<p>En tanto, autoridades anunciaron el\nestablecimiento desde ayer de una partida de la Guardia Nacional en la zona,\ncon el prop\u00f3sito de evitar mayores confrontaciones.<\/p>\n\n\n\n<p>Y mientras los conflictos agrarios y sociales se mantienen, el titular de la Secretar\u00eda General de Gobierno, H\u00e9ctor Anuar Mafud, se dio tiempo ayer de presentar su libro \u201cGuardi\u00e1n de la laguna\u201d, en un restaurante de lujo de la capital.<\/p>\n\n\n\n<p><\/p>\n","protected":false},"excerpt":{"rendered":"<p>Redacci\u00f3n Oaxaca de Ju\u00e1rez, Oax., 1 de agosto de 2019.- La organizaci\u00f3n social Servicios del&hellip;<\/p>\n","protected":false},"author":2,"featured_media":2705,"comment_status":"closed","ping_status":"open","sticky":false,"template":"","format":"standard","meta":{"_lmt_disableupdate":"","_lmt_disable":"","_jetpack_memberships_contains_paid_content":false,"footnotes":""},"categories":[109,47],"tags":[445],"class_list":["post-2704","post","type-post","status-publish","format-standard","has-post-thumbnail","hentry","category-minuto-a-minuto","category-zona-gris","tag-conflictos-zona-mixe-oaxaca"],"jetpack_featured_media_url":"https:\/\/zonaroja.com.mx\/wp-content\/uploads\/2019\/08\/Ayutla-Mixe-3.jpg","jetpack_sharing_enabled":true,"_links":{"self":[{"href":"https:\/\/zonaroja.com.mx\/index.php?rest_route=\/wp\/v2\/posts\/2704","targetHints":{"allow":["GET"]}}],"collection":[{"href":"https:\/\/zonaroja.com.mx\/index.php?rest_route=\/wp\/v2\/posts"}],"about":[{"href":"https:\/\/zonaroja.com.mx\/index.php?rest_route=\/wp\/v2\/types\/post"}],"author":[{"embeddable":true,"href":"https:\/\/zonaroja.com.mx\/index.php?rest_route=\/wp\/v2\/users\/2"}],"replies":[{"embeddable":true,"href":"https:\/\/zonaroja.com.mx\/index.php?rest_route=%2Fwp%2Fv2%2Fcomments&post=2704"}],"version-history":[{"count":1,"href":"https:\/\/zonaroja.com.mx\/index.php?rest_route=\/wp\/v2\/posts\/2704\/revisions"}],"predecessor-version":[{"id":2706,"href":"https:\/\/zonaroja.com.mx\/index.php?rest_route=\/wp\/v2\/posts\/2704\/revisions\/2706"}],"wp:featuredmedia":[{"embeddable":true,"href":"https:\/\/zonaroja.com.mx\/index.php?rest_route=\/wp\/v2\/media\/2705"}],"wp:attachment":[{"href":"https:\/\/zonaroja.com.mx\/index.php?rest_route=%2Fwp%2Fv2%2Fmedia&parent=2704"}],"wp:term":[{"taxonomy":"category","embeddable":true,"href":"https:\/\/zonaroja.com.mx\/index.php?rest_route=%2Fwp%2Fv2%2Fcategories&post=2704"},{"taxonomy":"post_tag","embeddable":true,"href":"https:\/\/zonaroja.com.mx\/index.php?rest_route=%2Fwp%2Fv2%2Ftags&post=2704"}],"curies":[{"name":"wp","href":"https:\/\/api.w.org\/{rel}","templated":true}]}}