{"id":27042,"date":"2021-05-10T07:44:21","date_gmt":"2021-05-10T12:44:21","guid":{"rendered":"http:\/\/www.zonaroja.com.mx\/?p=27042"},"modified":"2021-05-10T07:44:25","modified_gmt":"2021-05-10T12:44:25","slug":"la-experiencia-no-se-compra-en-la-tienda-de-la-esquina-se-gana-villacana","status":"publish","type":"post","link":"https:\/\/zonaroja.com.mx\/?p=27042","title":{"rendered":"\u201cLa experiencia no se compra en la tienda de la esquina, se gana\u201d: Villaca\u00f1a"},"content":{"rendered":"\n<p>Ismael Garc\u00eda M.\/Redacci\u00f3n\/Zona Roja.<\/p>\n\n\n\n<p>Oaxaca de Ju\u00e1rez, Oax., 10 de mayo de 2021.- El aspirante a edil por el Partido Morena, Francisco Mart\u00ednez Neri, estar\u00eda utilizando recursos p\u00fablicos para su campa\u00f1a pol\u00edtica.<\/p>\n\n\n\n<p>\u201cNo solamente eso (la r\u00e9plica desde la cuenta de redes sociales del Congreso del Estado a informaci\u00f3n del morenista), usan a la polic\u00eda municipal cuidando sus brigadas; ayer me pasaron el reporte de obras del municipio, de material que ten\u00eda que entregar el municipio, lo est\u00e1 entregando \u00e9l\u201d, respondi\u00f3 Javier Villaca\u00f1a Jim\u00e9nez.<\/p>\n\n\n\n<p>El candidato de la alianza \u201cVamos por Oaxaca\u201d visit\u00f3 este domingo el mercado zonal de Las Flores, donde fue cuestionado respecto a su contrincante.<\/p>\n\n\n\n<p>\u201cPero la gente no es tonta, la gente se da cuenta que est\u00e1n ocupando todo esto para tratar de conservarse en un gobierno que es el que menos resultados ha dado. Y esto tiene que ver con personas y con resultados y en resultados no nos gana nadie.<\/p>\n\n\n\n<p>&#8211;\u00bfY el pulso c\u00f3mo va?<\/p>\n\n\n\n<p>&#8211;Les vamos a ganar, les vamos a ganar; ustedes nada m\u00e1s vean las gr\u00e1ficas, d\u00f3nde est\u00e1 la gente, est\u00e1 con nosotros.<\/p>\n\n\n\n<p>\u201cY esto no tiene que ver con partidos, aun cuando son el v\u00ednculo para llegar, tiene que ver con personas; y nosotros tenemos el respaldo de muchos sectores, merced a qu\u00e9, merced a 39 a\u00f1os de trabajo; gracias a esos 39 a\u00f1os de trabajo tenemos experiencia, y la experiencia no se compra en la tienda de la esquina, se gana\u201d, dijo el aspirante a edil.<\/p>\n\n\n\n<p>Javier Villaca\u00f1a recorri\u00f3 ayer, entre otros sitios, el mercado de Las Flores, donde escuch\u00f3 las demandas de la poblaci\u00f3n, una de ellas de seguridad, pues en la zona han ocurrido delitos de alto impacto.<\/p>\n\n\n\n<p>Ah\u00ed el abanderado del PRI-PAN-PRD, se comprometi\u00f3 a reforzar la vigilancia, con la plena colaboraci\u00f3n de los vecinos, as\u00ed como trabajos de rehabilitaci\u00f3n y actualizaci\u00f3n del marco legal a favor de los comerciantes.<\/p>\n\n\n\n<figure class=\"wp-block-embed-twitter wp-block-embed is-type-rich is-provider-twitter\"><div class=\"wp-block-embed__wrapper\">\n<div class=\"twitter-tweet\"><blockquote class=\"twitter-tweet\" data-lang=\"es\"><p lang=\"es\" dir=\"ltr\">Durante nuestro recorrido en el Mercado Las Flores, tuve el gusto de felicitar anticipadamente a las mam\u00e1s, valerosas mujeres, quienes con gran compromiso trabajan aqu\u00ed buscando el sustento para su hogar. Agradezco su confianza, \u00a1no les vamos a fallar! <a href=\"https:\/\/twitter.com\/hashtag\/VaPorOaxacaDeJu%C3%A1rez?src=hash&amp;ref_src=twsrc%5Etfw\">#VaPorOaxacaDeJu\u00e1rez<\/a> <a href=\"https:\/\/t.co\/m5ZD2b12Fb\">pic.twitter.com\/m5ZD2b12Fb<\/a><\/p>&mdash; Javier Villaca\u00f1a (@JavierVillacana) <a href=\"https:\/\/twitter.com\/JavierVillacana\/status\/1391498278118871044?ref_src=twsrc%5Etfw\">9 de mayo de 2021<\/a><\/blockquote><\/div>\n<\/div><\/figure>\n\n\n\n<p>RESPALDO DE LA CTM<\/p>\n\n\n\n<p>En otro acto y a invitaci\u00f3n de los liderazgos estatales de la Confederaci\u00f3n de Trabajadores de M\u00e9xico (CTM), el candidato com\u00fan de los partidos&nbsp; PAN, PRI y PRD, Javier Villaca\u00f1a Jim\u00e9nez se reuni\u00f3 con integrantes de ese organismo, encabezado por Carlos Aceves del Olmo, quienes le externaron su respaldo y se sumaron a la tarea de rescatar la grandeza de Oaxaca.<\/p>\n\n\n\n<p>Villaca\u00f1a Jim\u00e9nez agradeci\u00f3 al dirigente nacional cetemista la participaci\u00f3n activa de la central obrera para contribuir al desarrollo de la entidad y expres\u00f3 su decisi\u00f3n de encabezar un gobierno municipal plural y responsable.<\/p>\n\n\n\n<p>En el encuentro donde tambi\u00e9n se garantiz\u00f3 el apoyo para que Laura Vign\u00f3n y Jos\u00e9 Antonio Hern\u00e1ndez Fraguas ganen la diputaci\u00f3n&nbsp; local y federal, respectivamente, Javier Villaca\u00f1a ponder\u00f3 que sea la alianza y el trabajo com\u00fan el que permita rescatar a la ciudad del abandono en la que se encuentra.<\/p>\n\n\n\n<p>En tanto, el Senador Carlos Aceves del Olmo, l\u00edder nacional cetemista augur\u00f3 el triunfo de Javier Villaca\u00f1a Jim\u00e9nez, as\u00ed como Laura Vignon Carre\u00f1o y Jos\u00e9 Antonio Hern\u00e1ndez Fraguas en los diferentes cargos de elecci\u00f3n popular a los que aspiran \u201cporque son la mejor opci\u00f3n en los comicios y ser\u00e1n aliados de la clase obrera para defender sus derechos y mejorar sus condiciones de vida\u201d.<\/p>\n\n\n\n<p>APOYO VECINAL<\/p>\n\n\n\n<p>En tanto, con palabras de apoyo llenas de esperanza, vecinos y vecinas de San Juan Chapultepec recibieron al candidato a la presidencia de Oaxaca de Ju\u00e1rez, Javier Villaca\u00f1a Jim\u00e9nez, con miras al triunfo&nbsp; del pr\u00f3ximo 6 de junio, durante un recorrido por calles de esta agencia y la explanada principal.<\/p>\n\n\n\n<p>Al iniciar una caminata en la parte alta, el abanderado de la candidatura com\u00fan \u201cVa por Oaxaca\u201d sinti\u00f3 el cari\u00f1o de hombres y mujeres que salieron a su paso y quienes recordaron algunas de las 35 obras que realiz\u00f3 durante su administraci\u00f3n pasada.<\/p>\n\n\n\n<p>\u201cCuando estuvo usted de presidente estuvimos mejor. Si usted regresa todo esto va cambiar\u201d, expres\u00f3 do\u00f1a Honoria Aguilar mientras abrazaba a Villaca\u00f1a Jim\u00e9nez, y remat\u00f3 que \u201ccuenta con mi voto y el de mi familia al cien por ciento\u201d.&nbsp;<\/p>\n","protected":false},"excerpt":{"rendered":"<p>Ismael Garc\u00eda M.\/Redacci\u00f3n\/Zona Roja. Oaxaca de Ju\u00e1rez, Oax., 10 de mayo de 2021.- El aspirante&hellip;<\/p>\n","protected":false},"author":2,"featured_media":27043,"comment_status":"closed","ping_status":"open","sticky":false,"template":"","format":"standard","meta":{"_lmt_disableupdate":"","_lmt_disable":"","_jetpack_memberships_contains_paid_content":false,"footnotes":""},"categories":[109,46],"tags":[2456],"class_list":["post-27042","post","type-post","status-publish","format-standard","has-post-thumbnail","hentry","category-minuto-a-minuto","category-zona-blanca","tag-javier-villacana-jimenez"],"jetpack_featured_media_url":"https:\/\/zonaroja.com.mx\/wp-content\/uploads\/2021\/05\/Villacana-y-CTM.jpeg","jetpack_sharing_enabled":true,"_links":{"self":[{"href":"https:\/\/zonaroja.com.mx\/index.php?rest_route=\/wp\/v2\/posts\/27042","targetHints":{"allow":["GET"]}}],"collection":[{"href":"https:\/\/zonaroja.com.mx\/index.php?rest_route=\/wp\/v2\/posts"}],"about":[{"href":"https:\/\/zonaroja.com.mx\/index.php?rest_route=\/wp\/v2\/types\/post"}],"author":[{"embeddable":true,"href":"https:\/\/zonaroja.com.mx\/index.php?rest_route=\/wp\/v2\/users\/2"}],"replies":[{"embeddable":true,"href":"https:\/\/zonaroja.com.mx\/index.php?rest_route=%2Fwp%2Fv2%2Fcomments&post=27042"}],"version-history":[{"count":1,"href":"https:\/\/zonaroja.com.mx\/index.php?rest_route=\/wp\/v2\/posts\/27042\/revisions"}],"predecessor-version":[{"id":27044,"href":"https:\/\/zonaroja.com.mx\/index.php?rest_route=\/wp\/v2\/posts\/27042\/revisions\/27044"}],"wp:featuredmedia":[{"embeddable":true,"href":"https:\/\/zonaroja.com.mx\/index.php?rest_route=\/wp\/v2\/media\/27043"}],"wp:attachment":[{"href":"https:\/\/zonaroja.com.mx\/index.php?rest_route=%2Fwp%2Fv2%2Fmedia&parent=27042"}],"wp:term":[{"taxonomy":"category","embeddable":true,"href":"https:\/\/zonaroja.com.mx\/index.php?rest_route=%2Fwp%2Fv2%2Fcategories&post=27042"},{"taxonomy":"post_tag","embeddable":true,"href":"https:\/\/zonaroja.com.mx\/index.php?rest_route=%2Fwp%2Fv2%2Ftags&post=27042"}],"curies":[{"name":"wp","href":"https:\/\/api.w.org\/{rel}","templated":true}]}}