{"id":27051,"date":"2021-05-10T15:31:20","date_gmt":"2021-05-10T20:31:20","guid":{"rendered":"http:\/\/www.zonaroja.com.mx\/?p=27051"},"modified":"2021-05-10T15:32:13","modified_gmt":"2021-05-10T20:32:13","slug":"exigen-elecciones-ya-en-seccion-22-fuera-eloy-lopez-y-genaro-martinez-piden","status":"publish","type":"post","link":"https:\/\/zonaroja.com.mx\/?p=27051","title":{"rendered":"Exigen elecciones ya en Secci\u00f3n 22; fuera Eloy L\u00f3pez y Genaro Mart\u00ednez, piden"},"content":{"rendered":"\n<p>Evlin Arag\u00f3n\/Zona Roja.<\/p>\n\n\n\n<p>Oaxaca de Ju\u00e1rez, Oax., 10 de mayo de 2021.- Integrantes de la Uni\u00f3n de Trabajadores de la Educaci\u00f3n (UTE) y el Frente Popular Revolucionario (FPR) exigieron el relevo sindical de car\u00e1cter inmediato al interior de la Secci\u00f3n 22 del SNTE y reclamaron la actitud entreguista que han asumido los actuales dirigentes que en nada beneficia a la base magisterial.&nbsp;<\/p>\n\n\n\n<p>En conferencia de prensa, Macario Otalo Padilla, dirigente del FPR; as\u00ed como F\u00e1tima Cruz, Zen\u00e9n Bravo Castellanos y Rogelio Vargas Garfias, integrantes del Comit\u00e9 Estatal Ampliada de la UTE, exigieron la emisi\u00f3n de la convocatoria para elegir a la nueva dirigencia.&nbsp;<\/p>\n\n\n\n<p>De manera conjunta, manifestaron su preocupaci\u00f3n por la permanencia de Eloy L\u00f3pez Hern\u00e1ndez, Genaro Mart\u00ednez Morales y Jos\u00e9 Carlos L\u00f3pez Alonso, de quienes recriminaron su comportamiento claudicante, omiso y charro en perjuicio del movimiento magisterial.&nbsp;<\/p>\n\n\n\n<p>\u201cObservamos con preocupaci\u00f3n el peligro que conlleva que siga al frente por su comportamiento claudicante, omiso y charro, la c\u00fapula dirigente del Comit\u00e9 Ejecutivo Seccional y peque\u00f1o grupo mafioso que los secunda en la traici\u00f3n de todos los principios rectores que rigen nuestro movimiento, raz\u00f3n suficiente para ser destituidos de sus funciones\u201d, refirieron.&nbsp;<\/p>\n\n\n\n<p>Explicaron que fue en enero de este a\u00f1o, que concluy\u00f3 el periodo de la dirigencia actual de la Secci\u00f3n 22, y hasta la fecha no existe siquiera la intenci\u00f3n de emitir la convocatoria para el relevo, ello con el pretexto de la pandemia que han utilizado a conveniencia ya que no han convocado a movilizaciones, consultas y asambleas, pero si se han reunido para negociar candidaturas.<\/p>\n\n\n\n<figure class=\"wp-block-embed-twitter wp-block-embed is-type-rich is-provider-twitter\"><div class=\"wp-block-embed__wrapper\">\n<div class=\"twitter-tweet\"><blockquote class=\"twitter-tweet\" data-lang=\"es\"><p lang=\"es\" dir=\"ltr\"><a href=\"https:\/\/twitter.com\/hashtag\/ENVIVO?src=hash&amp;ref_src=twsrc%5Etfw\">#ENVIVO<\/a> <br>Oaxaca de Ju\u00e1rez, Oax., 10 de mayo de 2021. Conferencia de prensa del FPR y la UTE (Uni\u00f3n de Trabajadores de la Educaci\u00f3n) para exigir relevo inmediato hoy en la Secci\u00f3n 22 del SNTE.<br>Siga aqu\u00ed la transmisi\u00f3n: <br>\ud83d\udc47<a href=\"https:\/\/t.co\/fGaF2gyZ8y\">https:\/\/t.co\/fGaF2gyZ8y<\/a> <a href=\"https:\/\/t.co\/9DbtPSkxJt\">pic.twitter.com\/9DbtPSkxJt<\/a><\/p>&mdash; Zona Roja Oaxaca (@Zona_Roja_Oax) <a href=\"https:\/\/twitter.com\/Zona_Roja_Oax\/status\/1391771377120731136?ref_src=twsrc%5Etfw\">10 de mayo de 2021<\/a><\/blockquote><\/div>\n<\/div><\/figure>\n\n\n\n<p>\u201cEs evidente que grupos y personajes de la dirigencia, de manera particular Eloy L\u00f3pez, Genaro Mart\u00ednez y Jos\u00e9 Carlos L\u00f3pez, negociaron candidaturas para sus cercanos, familiares y amigos\u201d, refiri\u00f3 Rogelio Vargas Garfias en el encuentro con los medios de comunicaci\u00f3n. &nbsp;<\/p>\n\n\n\n<p>Lo anterior pese a que los principios rectores del magisterio impiden la participaci\u00f3n directa en la pol\u00edtica local, de ah\u00ed que explicaron que ning\u00fan partido ni candidato en espec\u00edfico cuenta con el respaldo de la base de la Secci\u00f3n 22.&nbsp;<\/p>\n\n\n\n<p>Explicaron tambi\u00e9n que la dirigencia actual no fue capaz siquiera de convocar a la base para elegir a las y los delegados que participaran en el XIV Congreso Anual Ordinario de la CNTE, que se realizar\u00e1 los d\u00edas 13, 14 y 15 en Chiapas, en donde la c\u00fapula sindical de manera arbitraria design\u00f3 a los representantes a quienes nombraron como \u201cespurios\u201d.&nbsp;&nbsp;<\/p>\n\n\n\n<p>De ah\u00ed que han decidido organizar las respectivas asambleas en las que de manera democr\u00e1tica se elija a quienes los representen en la actividad de car\u00e1cter nacional, adem\u00e1s de exigir la realizaci\u00f3n de una Asamblea Estatal y la emisi\u00f3n de la convocatoria para el relevo sindical.&nbsp;&nbsp;<\/p>\n\n\n\n<p>Finalmente, lamentaron que la dirigencia magisterial oaxaque\u00f1a mantenga un silencio c\u00f3mplice ante una serie de leyes aprobadas y pol\u00edticas implementadas que van en detrimento, no s\u00f3lo del gremio docente, sino de la poblaci\u00f3n en general, poniendo en riesgo los ideales por lo que hist\u00f3ricamente han luchado las y los trabajadores de la educaci\u00f3n.&nbsp;<\/p>\n\n\n\n<p>De la misma manera, que algunos dirigentes como Eloy L\u00f3pez, hayan negociado candidaturas para sus familiares, bajo las siglas del Partido Morena, para seguir enquistados en el poder.<\/p>\n","protected":false},"excerpt":{"rendered":"<p>Evlin Arag\u00f3n\/Zona Roja. Oaxaca de Ju\u00e1rez, Oax., 10 de mayo de 2021.- Integrantes de la&hellip;<\/p>\n","protected":false},"author":2,"featured_media":27052,"comment_status":"closed","ping_status":"open","sticky":false,"template":"","format":"standard","meta":{"_lmt_disableupdate":"","_lmt_disable":"","_jetpack_memberships_contains_paid_content":false,"footnotes":""},"categories":[109,47],"tags":[312,2664],"class_list":["post-27051","post","type-post","status-publish","format-standard","has-post-thumbnail","hentry","category-minuto-a-minuto","category-zona-gris","tag-seccion-22-del-snte","tag-union-de-trabajadores-de-la-educacion-ute"],"jetpack_featured_media_url":"https:\/\/zonaroja.com.mx\/wp-content\/uploads\/2021\/05\/Conferencia-FPR-UTE.jpg","jetpack_sharing_enabled":true,"_links":{"self":[{"href":"https:\/\/zonaroja.com.mx\/index.php?rest_route=\/wp\/v2\/posts\/27051","targetHints":{"allow":["GET"]}}],"collection":[{"href":"https:\/\/zonaroja.com.mx\/index.php?rest_route=\/wp\/v2\/posts"}],"about":[{"href":"https:\/\/zonaroja.com.mx\/index.php?rest_route=\/wp\/v2\/types\/post"}],"author":[{"embeddable":true,"href":"https:\/\/zonaroja.com.mx\/index.php?rest_route=\/wp\/v2\/users\/2"}],"replies":[{"embeddable":true,"href":"https:\/\/zonaroja.com.mx\/index.php?rest_route=%2Fwp%2Fv2%2Fcomments&post=27051"}],"version-history":[{"count":1,"href":"https:\/\/zonaroja.com.mx\/index.php?rest_route=\/wp\/v2\/posts\/27051\/revisions"}],"predecessor-version":[{"id":27053,"href":"https:\/\/zonaroja.com.mx\/index.php?rest_route=\/wp\/v2\/posts\/27051\/revisions\/27053"}],"wp:featuredmedia":[{"embeddable":true,"href":"https:\/\/zonaroja.com.mx\/index.php?rest_route=\/wp\/v2\/media\/27052"}],"wp:attachment":[{"href":"https:\/\/zonaroja.com.mx\/index.php?rest_route=%2Fwp%2Fv2%2Fmedia&parent=27051"}],"wp:term":[{"taxonomy":"category","embeddable":true,"href":"https:\/\/zonaroja.com.mx\/index.php?rest_route=%2Fwp%2Fv2%2Fcategories&post=27051"},{"taxonomy":"post_tag","embeddable":true,"href":"https:\/\/zonaroja.com.mx\/index.php?rest_route=%2Fwp%2Fv2%2Ftags&post=27051"}],"curies":[{"name":"wp","href":"https:\/\/api.w.org\/{rel}","templated":true}]}}