{"id":27061,"date":"2021-05-10T19:14:39","date_gmt":"2021-05-11T00:14:39","guid":{"rendered":"http:\/\/www.zonaroja.com.mx\/?p=27061"},"modified":"2021-05-10T19:14:44","modified_gmt":"2021-05-11T00:14:44","slug":"desaparece-ex-funcionario-de-administracion-de-los-servicios-de-salud","status":"publish","type":"post","link":"https:\/\/zonaroja.com.mx\/?p=27061","title":{"rendered":"Desaparece ex funcionario de Administraci\u00f3n de los Servicios de Salud"},"content":{"rendered":"\n<p>Ismael Garc\u00eda M.\/Zona Roja.<\/p>\n\n\n\n<p>Oaxaca de Ju\u00e1rez, Oax., 10 de mayo de 2021.- El ex director de Administraci\u00f3n de los Servicios de Salud de Oaxaca (SSO), David Concha Su\u00e1rez, fue oficialmente reportado como desaparecido.<\/p>\n\n\n\n<p>De acuerdo con la ficha que emiti\u00f3 hoy la Unidad de Personas Desaparecidas y No Localizadas (DNOL), de la Fiscal\u00eda General del Estado, el individuo de 40 a\u00f1os de edad, fue visto por \u00faltima vez el pasado s\u00e1bado 8 de mayo en San Antonio Arrazolo, agencia del municipio de Santa Cruz Xoxocotl\u00e1n, conurbado a la capital.<\/p>\n\n\n\n<p>Iba a bordo de su veh\u00edculo marca Volkswagen, color azul, con placas de circulaci\u00f3n TMA-73-38, del estado de Oaxaca.<\/p>\n\n\n\n<p>Como se\u00f1as particulares tiene tatuajes en el brazo izquierdo, brazo derecho y en la espalda.<\/p>\n\n\n\n<figure class=\"wp-block-embed-twitter wp-block-embed is-type-rich is-provider-twitter\"><div class=\"wp-block-embed__wrapper\">\n<div class=\"twitter-tweet\"><blockquote class=\"twitter-tweet\" data-lang=\"es\"><p lang=\"es\" dir=\"ltr\">Ay\u00fadanos a localizarlo.<a href=\"https:\/\/twitter.com\/FISCALIA_GobOax?ref_src=twsrc%5Etfw\">@FISCALIA_GobOax<\/a> <a href=\"https:\/\/twitter.com\/AEI_Oaxaca?ref_src=twsrc%5Etfw\">@AEI_Oaxaca<\/a> <a href=\"https:\/\/twitter.com\/VFGZonaCentro?ref_src=twsrc%5Etfw\">@VFGZonaCentro<\/a> <a href=\"https:\/\/twitter.com\/Oaxaca_9_1_1?ref_src=twsrc%5Etfw\">@Oaxaca_9_1_1<\/a> <a href=\"https:\/\/twitter.com\/089Oaxaca?ref_src=twsrc%5Etfw\">@089Oaxaca<\/a> <a href=\"https:\/\/twitter.com\/PolVial_GobOax?ref_src=twsrc%5Etfw\">@PolVial_GobOax<\/a> <a href=\"https:\/\/twitter.com\/Policia_GobOax?ref_src=twsrc%5Etfw\">@Policia_GobOax<\/a> <a href=\"https:\/\/twitter.com\/SSP_GobOax?ref_src=twsrc%5Etfw\">@SSP_GobOax<\/a> <a href=\"https:\/\/twitter.com\/GobXoxo?ref_src=twsrc%5Etfw\">@GobXoxo<\/a> <a href=\"https:\/\/twitter.com\/Zimatlan1921?ref_src=twsrc%5Etfw\">@Zimatlan1921<\/a> <a href=\"https:\/\/twitter.com\/Bomberos_GobOax?ref_src=twsrc%5Etfw\">@Bomberos_GobOax<\/a> <a href=\"https:\/\/twitter.com\/ComisariaXoxo?ref_src=twsrc%5Etfw\">@ComisariaXoxo<\/a> <a href=\"https:\/\/twitter.com\/CEPCO_GobOax?ref_src=twsrc%5Etfw\">@CEPCO_GobOax<\/a> <a href=\"https:\/\/t.co\/zCpOtiOdeQ\">pic.twitter.com\/zCpOtiOdeQ<\/a><\/p>&mdash; Unidad de B\u00fasqueda de Personas No Localizadas (@FGEO_DNOL) <a href=\"https:\/\/twitter.com\/FGEO_DNOL\/status\/1391863185628704780?ref_src=twsrc%5Etfw\">10 de mayo de 2021<\/a><\/blockquote><\/div>\n<\/div><\/figure>\n\n\n\n<p>A petici\u00f3n de la Secci\u00f3n 35 del Sindicato Nacional de Trabajadores de Salud, Concha Su\u00e1rez renunci\u00f3 al cargo a finales de diciembre pasado, debido a que anunci\u00f3 por escrito que no podr\u00edan pagarse aguinaldo y bonos.<\/p>\n\n\n\n<p>Es licenciado en Derecho y entre otros cargos, fue director de Gesti\u00f3n T\u00e9cnica de los SSO; director de Desarrollo Regional del Coplade; director de Vinculaci\u00f3n Interinstitucional con Microrregiones y Municipios, del mismo organismo estatal, adem\u00e1s de responsable de las Unidades M\u00f3viles para el Desarrollo.<\/p>\n\n\n\n<p>De acuerdo con \u201cOaxaque\u00f1os contra la Corrupci\u00f3n\u201d, Concha Su\u00e1rez cuenta con al menos dos \u00f3rdenes de aprehensi\u00f3n, una de ellas por desfalco.<\/p>\n\n\n\n<p>La primera orden se encuentra radicada bajo la causa penal 28\/2009, en donde se se\u00f1ala como v\u00edctima el municipio de Zimatl\u00e1n de \u00c1lvarez, por la sustracci\u00f3n del dinero de la tesorer\u00eda municipal; mientras que las otra dos 28\/2009 y 05\/2010 son por robo con violencia y lesione calificadas con ventaja, respectivamente.<\/p>\n\n\n\n<p>Asimismo, la Secretar\u00eda de la Contralor\u00eda del Estado de Oaxaca inicio la investigaci\u00f3n por la que abri\u00f3 tres expedientes por la comisi\u00f3n de faltas administrativas graves, cometidas por Concha Su\u00e1rez, las cuales se encuentran tipificadas dentro de la Ley General de Responsabilidades Administrativas.<\/p>\n","protected":false},"excerpt":{"rendered":"<p>Ismael Garc\u00eda M.\/Zona Roja. Oaxaca de Ju\u00e1rez, Oax., 10 de mayo de 2021.- El ex&hellip;<\/p>\n","protected":false},"author":2,"featured_media":27062,"comment_status":"closed","ping_status":"open","sticky":false,"template":"","format":"standard","meta":{"_lmt_disableupdate":"","_lmt_disable":"","_jetpack_memberships_contains_paid_content":false,"footnotes":""},"categories":[109,47],"tags":[2199],"class_list":["post-27061","post","type-post","status-publish","format-standard","has-post-thumbnail","hentry","category-minuto-a-minuto","category-zona-gris","tag-david-concha-suarez"],"jetpack_featured_media_url":"https:\/\/zonaroja.com.mx\/wp-content\/uploads\/2021\/05\/David-Concha-Suarez.jpg","jetpack_sharing_enabled":true,"_links":{"self":[{"href":"https:\/\/zonaroja.com.mx\/index.php?rest_route=\/wp\/v2\/posts\/27061","targetHints":{"allow":["GET"]}}],"collection":[{"href":"https:\/\/zonaroja.com.mx\/index.php?rest_route=\/wp\/v2\/posts"}],"about":[{"href":"https:\/\/zonaroja.com.mx\/index.php?rest_route=\/wp\/v2\/types\/post"}],"author":[{"embeddable":true,"href":"https:\/\/zonaroja.com.mx\/index.php?rest_route=\/wp\/v2\/users\/2"}],"replies":[{"embeddable":true,"href":"https:\/\/zonaroja.com.mx\/index.php?rest_route=%2Fwp%2Fv2%2Fcomments&post=27061"}],"version-history":[{"count":1,"href":"https:\/\/zonaroja.com.mx\/index.php?rest_route=\/wp\/v2\/posts\/27061\/revisions"}],"predecessor-version":[{"id":27063,"href":"https:\/\/zonaroja.com.mx\/index.php?rest_route=\/wp\/v2\/posts\/27061\/revisions\/27063"}],"wp:featuredmedia":[{"embeddable":true,"href":"https:\/\/zonaroja.com.mx\/index.php?rest_route=\/wp\/v2\/media\/27062"}],"wp:attachment":[{"href":"https:\/\/zonaroja.com.mx\/index.php?rest_route=%2Fwp%2Fv2%2Fmedia&parent=27061"}],"wp:term":[{"taxonomy":"category","embeddable":true,"href":"https:\/\/zonaroja.com.mx\/index.php?rest_route=%2Fwp%2Fv2%2Fcategories&post=27061"},{"taxonomy":"post_tag","embeddable":true,"href":"https:\/\/zonaroja.com.mx\/index.php?rest_route=%2Fwp%2Fv2%2Ftags&post=27061"}],"curies":[{"name":"wp","href":"https:\/\/api.w.org\/{rel}","templated":true}]}}