{"id":27064,"date":"2021-05-10T20:52:41","date_gmt":"2021-05-11T01:52:41","guid":{"rendered":"http:\/\/www.zonaroja.com.mx\/?p=27064"},"modified":"2021-05-10T20:52:49","modified_gmt":"2021-05-11T01:52:49","slug":"un-mes-despues-hallan-muerto-y-enterrado-clandestinamente-a-regidor","status":"publish","type":"post","link":"https:\/\/zonaroja.com.mx\/?p=27064","title":{"rendered":"Un mes despu\u00e9s, hallan muerto y enterrado clandestinamente a regidor"},"content":{"rendered":"\n<p>Ismael Garc\u00eda M.\/Zona Roja.<\/p>\n\n\n\n<p>Oaxaca de Ju\u00e1rez, Oax., 10 de mayo de 2021.- Un mes despu\u00e9s de la desaparici\u00f3n de quien fuera regidor de Hacienda del ayuntamiento de San Crist\u00f3bal Amoltepec, la Fiscal\u00eda General del Estado de Oaxaca localiz\u00f3 en una fosa clandestina el cuerpo de No\u00e9 Ortiz Feria.<\/p>\n\n\n\n<p>El ex concejal, de 37 a\u00f1os de edad, hab\u00eda sido visto por \u00faltima vez el 9 de abril de 2021 en la comunidad de Buena Vista, de dicho municipio perteneciente al distrito de Tlaxiaco, en la regi\u00f3n Sierra Sur de Oaxaca.<\/p>\n\n\n\n<p>En ese entonces, vest\u00eda playera color rojo con negro, con el estampado de un luchador; pantal\u00f3n de mezclilla y zapatos color negro, de acuerdo con la ficha emitida por la Unidad de B\u00fasqueda de Personas Desaparecidas y No Localizadas.<\/p>\n\n\n\n<p>Este lunes, a trav\u00e9s de sus redes sociales, la Fiscal\u00eda confirm\u00f3 el hallazgo de un cuerpo inhumado clandestinamente, en San Crist\u00f3bal Amoltepec.<\/p>\n\n\n\n<p>Por ello, inici\u00f3 la Carpeta de Investigaci\u00f3n 12515\/FMIX\/TLAXIACO\/2021, por el delito de homicidio simple, en contra de N. O. F. Hasta el momento no hay personas detenidas por este caso.<\/p>\n","protected":false},"excerpt":{"rendered":"<p>Ismael Garc\u00eda M.\/Zona Roja. Oaxaca de Ju\u00e1rez, Oax., 10 de mayo de 2021.- Un mes&hellip;<\/p>\n","protected":false},"author":2,"featured_media":27065,"comment_status":"closed","ping_status":"open","sticky":false,"template":"","format":"standard","meta":{"_lmt_disableupdate":"","_lmt_disable":"","_jetpack_memberships_contains_paid_content":false,"footnotes":""},"categories":[109,51],"tags":[2667],"class_list":["post-27064","post","type-post","status-publish","format-standard","has-post-thumbnail","hentry","category-minuto-a-minuto","category-zona-roja","tag-san-cristobal-amoltepec"],"jetpack_featured_media_url":"https:\/\/zonaroja.com.mx\/wp-content\/uploads\/2021\/05\/Noe-Ortiz-Feria.jpg","jetpack_sharing_enabled":true,"_links":{"self":[{"href":"https:\/\/zonaroja.com.mx\/index.php?rest_route=\/wp\/v2\/posts\/27064","targetHints":{"allow":["GET"]}}],"collection":[{"href":"https:\/\/zonaroja.com.mx\/index.php?rest_route=\/wp\/v2\/posts"}],"about":[{"href":"https:\/\/zonaroja.com.mx\/index.php?rest_route=\/wp\/v2\/types\/post"}],"author":[{"embeddable":true,"href":"https:\/\/zonaroja.com.mx\/index.php?rest_route=\/wp\/v2\/users\/2"}],"replies":[{"embeddable":true,"href":"https:\/\/zonaroja.com.mx\/index.php?rest_route=%2Fwp%2Fv2%2Fcomments&post=27064"}],"version-history":[{"count":1,"href":"https:\/\/zonaroja.com.mx\/index.php?rest_route=\/wp\/v2\/posts\/27064\/revisions"}],"predecessor-version":[{"id":27066,"href":"https:\/\/zonaroja.com.mx\/index.php?rest_route=\/wp\/v2\/posts\/27064\/revisions\/27066"}],"wp:featuredmedia":[{"embeddable":true,"href":"https:\/\/zonaroja.com.mx\/index.php?rest_route=\/wp\/v2\/media\/27065"}],"wp:attachment":[{"href":"https:\/\/zonaroja.com.mx\/index.php?rest_route=%2Fwp%2Fv2%2Fmedia&parent=27064"}],"wp:term":[{"taxonomy":"category","embeddable":true,"href":"https:\/\/zonaroja.com.mx\/index.php?rest_route=%2Fwp%2Fv2%2Fcategories&post=27064"},{"taxonomy":"post_tag","embeddable":true,"href":"https:\/\/zonaroja.com.mx\/index.php?rest_route=%2Fwp%2Fv2%2Ftags&post=27064"}],"curies":[{"name":"wp","href":"https:\/\/api.w.org\/{rel}","templated":true}]}}