{"id":27067,"date":"2021-05-10T22:18:44","date_gmt":"2021-05-11T03:18:44","guid":{"rendered":"http:\/\/www.zonaroja.com.mx\/?p=27067"},"modified":"2021-05-10T22:18:49","modified_gmt":"2021-05-11T03:18:49","slug":"busca-hugo-jarquin-tumbar-a-martinez-neri-acusa-irregularidades-en-designacion","status":"publish","type":"post","link":"https:\/\/zonaroja.com.mx\/?p=27067","title":{"rendered":"Busca Hugo Jarqu\u00edn tumbar a Mart\u00ednez Neri; acusa irregularidades en designaci\u00f3n"},"content":{"rendered":"\n<p>Redacci\u00f3n\/Zona Roja.<\/p>\n\n\n\n<p>Oaxaca de Ju\u00e1rez, Oax., 10 de mayo de 2021.- El ex perredista y ex militante del Partido Unidad Popular, Hugo Jarqu\u00edn, dio a conocer que interpuso un juicio para la protecci\u00f3n de los derechos pol\u00edticos-electorales, contra la designaci\u00f3n de Francisco Mart\u00ednez Neri como candidato a edil de Oaxaca de Ju\u00e1rez, por Morena.<\/p>\n\n\n\n<p>En conferencia de prensa, el ex diputado federal inform\u00f3 que el pasado s\u00e1bado formaliz\u00f3 su petici\u00f3n y calific\u00f3 como una burla el proceso interno en que se design\u00f3 al ex rector de la UABJO, por parte de la dirigencia de Morena.<\/p>\n\n\n\n<p>\u201cSi fue encuesta, le solicitamos  que se eche abajo esa candidatura y que obligue el IEEPCO o el Tribunal Estatal Electoral a que resuelva, para eso est\u00e1n, para defender los derechos\u201d, dijo.<\/p>\n\n\n\n<figure class=\"wp-block-embed-twitter wp-block-embed is-type-rich is-provider-twitter\"><div class=\"wp-block-embed__wrapper\">\n<div class=\"twitter-tweet\"><blockquote class=\"twitter-tweet\" data-lang=\"es\"><p lang=\"es\" dir=\"ltr\"><a href=\"https:\/\/twitter.com\/hashtag\/%C3%9AltimoMinuto?src=hash&amp;ref_src=twsrc%5Etfw\">#\u00daltimoMinuto<\/a> <a href=\"https:\/\/twitter.com\/hashtag\/ENVIVO?src=hash&amp;ref_src=twsrc%5Etfw\">#ENVIVO<\/a> <br>Oaxaca de Ju\u00e1rez, Oax., 10 de mayo de 2021.- Conferencia de prensa de Hugo Jarqu\u00edn, quien anuncia que impugn\u00f3 la candidatura de <a href=\"https:\/\/twitter.com\/FMartinezNeri?ref_src=twsrc%5Etfw\">@FMartinezNeri<\/a> a la presidencia municipal, por diversas irregularidades. <br>Siga la transmisi\u00f3n: <br>\ud83d\udc47<a href=\"https:\/\/t.co\/5KcwSSSrNH\">https:\/\/t.co\/5KcwSSSrNH<\/a> <a href=\"https:\/\/t.co\/vociYCDiCU\">pic.twitter.com\/vociYCDiCU<\/a><\/p>&mdash; Zona Roja Oaxaca (@Zona_Roja_Oax) <a href=\"https:\/\/twitter.com\/Zona_Roja_Oax\/status\/1391813188677775361?ref_src=twsrc%5Etfw\">10 de mayo de 2021<\/a><\/blockquote><\/div>\n<\/div><\/figure>\n\n\n\n<p>\u201cNo hubo acercamiento con nosotros y es una burla; salen con que nos impusieron a Francisco Mart\u00ednez Neri y la gran mayor\u00eda dice que no vive en Oaxaca ni naci\u00f3 en Oaxaca ni conoce la problem\u00e1tica de la ciudad.<\/p>\n\n\n\n<p>\u201cMucha gente est\u00e1 inconforme por esa candidatura; de entrada con esta impugnaci\u00f3n, que nos informen el m\u00e9todo de selecci\u00f3n del candidato y que porque no se nos inform\u00f3 en tiempo y forma qui\u00e9n hab\u00eda quedado\u201d, se\u00f1al\u00f3.<\/p>\n\n\n\n<p>\u201cSoy un gestor social desde hace 35 a\u00f1os, me he puesto la camiseta d\u00eda a d\u00eda, para que alguien, un hijo de vecina, diga bueno yo quiero ser, y nos lo impongan; hay raz\u00f3n de inconformarse\u201d, expuso.<\/p>\n\n\n\n<p>Habl\u00f3 tambi\u00e9n de presuntos actos de corrupci\u00f3n de Mart\u00ednez Neri como constructor, espec\u00edficamente de una obra en el municipio de Santa Cruz Amilpas.<\/p>\n","protected":false},"excerpt":{"rendered":"<p>Redacci\u00f3n\/Zona Roja. Oaxaca de Ju\u00e1rez, Oax., 10 de mayo de 2021.- El ex perredista y&hellip;<\/p>\n","protected":false},"author":2,"featured_media":27068,"comment_status":"closed","ping_status":"open","sticky":false,"template":"","format":"standard","meta":{"_lmt_disableupdate":"","_lmt_disable":"","_jetpack_memberships_contains_paid_content":false,"footnotes":""},"categories":[109,47],"tags":[2418],"class_list":["post-27067","post","type-post","status-publish","format-standard","has-post-thumbnail","hentry","category-minuto-a-minuto","category-zona-gris","tag-francisco-martinez-neri"],"jetpack_featured_media_url":"https:\/\/zonaroja.com.mx\/wp-content\/uploads\/2021\/05\/Conferencia-Hugo-Jarquin.jpg","jetpack_sharing_enabled":true,"_links":{"self":[{"href":"https:\/\/zonaroja.com.mx\/index.php?rest_route=\/wp\/v2\/posts\/27067","targetHints":{"allow":["GET"]}}],"collection":[{"href":"https:\/\/zonaroja.com.mx\/index.php?rest_route=\/wp\/v2\/posts"}],"about":[{"href":"https:\/\/zonaroja.com.mx\/index.php?rest_route=\/wp\/v2\/types\/post"}],"author":[{"embeddable":true,"href":"https:\/\/zonaroja.com.mx\/index.php?rest_route=\/wp\/v2\/users\/2"}],"replies":[{"embeddable":true,"href":"https:\/\/zonaroja.com.mx\/index.php?rest_route=%2Fwp%2Fv2%2Fcomments&post=27067"}],"version-history":[{"count":1,"href":"https:\/\/zonaroja.com.mx\/index.php?rest_route=\/wp\/v2\/posts\/27067\/revisions"}],"predecessor-version":[{"id":27069,"href":"https:\/\/zonaroja.com.mx\/index.php?rest_route=\/wp\/v2\/posts\/27067\/revisions\/27069"}],"wp:featuredmedia":[{"embeddable":true,"href":"https:\/\/zonaroja.com.mx\/index.php?rest_route=\/wp\/v2\/media\/27068"}],"wp:attachment":[{"href":"https:\/\/zonaroja.com.mx\/index.php?rest_route=%2Fwp%2Fv2%2Fmedia&parent=27067"}],"wp:term":[{"taxonomy":"category","embeddable":true,"href":"https:\/\/zonaroja.com.mx\/index.php?rest_route=%2Fwp%2Fv2%2Fcategories&post=27067"},{"taxonomy":"post_tag","embeddable":true,"href":"https:\/\/zonaroja.com.mx\/index.php?rest_route=%2Fwp%2Fv2%2Ftags&post=27067"}],"curies":[{"name":"wp","href":"https:\/\/api.w.org\/{rel}","templated":true}]}}