{"id":2707,"date":"2019-08-01T08:00:05","date_gmt":"2019-08-01T13:00:05","guid":{"rendered":"http:\/\/www.zonaroja.com.mx\/?p=2707"},"modified":"2019-08-01T08:00:08","modified_gmt":"2019-08-01T13:00:08","slug":"crece-inseguridad-en-oaxaca-capital-ayer-unos-seis-asaltos-a-comercios-y-particulares","status":"publish","type":"post","link":"https:\/\/zonaroja.com.mx\/?p=2707","title":{"rendered":"Crece inseguridad en Oaxaca capital; ayer unos seis asaltos a comercios y particulares"},"content":{"rendered":"\n<p>Ismael Garc\u00eda M.<\/p>\n\n\n\n<p>Oaxaca de Ju\u00e1rez, Oax., 1 de agosto de\n2019.- Adem\u00e1s del asalto armado a dos negocios del centro de la ciudad de\nOaxaca, al menos otros cuatro atracos ocurrieron en distintos puntos de la\ncapital y zona conurbada, sin que la polic\u00eda municipal llegara a tiempo para\nfrenar los delitos.<\/p>\n\n\n\n<p>Como se inform\u00f3, durante la tarde de\neste mi\u00e9rcoles fueron atracados un local comercial en Plaza \u201cBrena\u201d, ubicado en\nla calle Pino Su\u00e1rez, frente al parque \u201cEl Llano\u201d.<\/p>\n\n\n\n<p>Asimismo, un comercio de venta de\nart\u00edculos de piel, situado en la tercera calle de 20 de Noviembre, a cuadra y\nmedia del z\u00f3calo. <\/p>\n\n\n\n<p>Aunado a ello, al menos 50 mil pesos\nfueron robados en una oficina de seguros con domicilio en la calle Ray\u00f3n 613,\ntambi\u00e9n del centro de la ciudad capital. Presuntamente los delincuentes\ningresaron por el techo, desde donde cortaron los cables de internet y sistema\nde videovigilancia.<\/p>\n\n\n\n<p>En tanto, en el estacionamiento de la\nPlaza Chedraui Madero, en la calzada Madero cerca del parque \u201cMorelos\u201d, una\nmotocicleta marca It\u00e1lika fue robada; seg\u00fan testigos, fue subida a una\ncamioneta.<\/p>\n\n\n\n<p>Un veh\u00edculo fue cristaleado en la esquina\nde Las Rosas con Belisario Dom\u00ednguez de la colonia Reforma, frente a un\nhospital privado; seg\u00fan el denunciante, se llevaron una mochila con documentos\nimportantes y expedientes de pacientes de un m\u00e9dico.<\/p>\n\n\n\n<p>En calle Primero de Mayo de la colonia Antiguo Aeropuerto, Santa Luc\u00eda del Camino, colindante con la capital, le fueron quitadas las llantas a una unidad de motor, durante la madrugada del mi\u00e9rcoles.<\/p>\n\n\n\n<figure class=\"wp-block-embed-twitter wp-block-embed is-type-rich is-provider-twitter\"><div class=\"wp-block-embed__wrapper\">\n<div class=\"twitter-tweet\"><blockquote class=\"twitter-tweet\" data-lang=\"es\"><p lang=\"es\" dir=\"ltr\"><a href=\"https:\/\/twitter.com\/hashtag\/OaxacaRojo?src=hash&amp;ref_src=twsrc%5Etfw\">#OaxacaRojo<\/a><br>Terrible la inseguridad en Oaxaca. La tarde de este mi\u00e9rcoles, a una cuadra y media del z\u00f3calo de la capital, solitario individuo asalta a joven de tienda de art\u00edculos de piel y se va tranquilamente. Nula vigilancia <a href=\"https:\/\/twitter.com\/MunicipioSeguro?ref_src=twsrc%5Etfw\">@MunicipioSeguro<\/a> <a href=\"https:\/\/twitter.com\/oswaldogarciaj?ref_src=twsrc%5Etfw\">@oswaldogarciaj<\/a> <a href=\"https:\/\/t.co\/HXC3VoW1Ev\">pic.twitter.com\/HXC3VoW1Ev<\/a><\/p>&mdash; Zona Roja Oaxaca (@MexRoja) <a href=\"https:\/\/twitter.com\/MexRoja\/status\/1156752858936688641?ref_src=twsrc%5Etfw\">1 de agosto de 2019<\/a><\/blockquote><\/div>\n<\/div><\/figure>\n","protected":false},"excerpt":{"rendered":"<p>Ismael Garc\u00eda M. Oaxaca de Ju\u00e1rez, Oax., 1 de agosto de 2019.- Adem\u00e1s del asalto&hellip;<\/p>\n","protected":false},"author":2,"featured_media":2006,"comment_status":"closed","ping_status":"open","sticky":false,"template":"","format":"standard","meta":{"_lmt_disableupdate":"","_lmt_disable":"","_jetpack_memberships_contains_paid_content":false,"footnotes":""},"categories":[109,51],"tags":[446],"class_list":["post-2707","post","type-post","status-publish","format-standard","has-post-thumbnail","hentry","category-minuto-a-minuto","category-zona-roja","tag-ola-de-asaltos-en-la-ciudad-de-oaxaca"],"jetpack_featured_media_url":"https:\/\/zonaroja.com.mx\/wp-content\/uploads\/2019\/07\/violencia-Oaxaca.jpg","jetpack_sharing_enabled":true,"_links":{"self":[{"href":"https:\/\/zonaroja.com.mx\/index.php?rest_route=\/wp\/v2\/posts\/2707","targetHints":{"allow":["GET"]}}],"collection":[{"href":"https:\/\/zonaroja.com.mx\/index.php?rest_route=\/wp\/v2\/posts"}],"about":[{"href":"https:\/\/zonaroja.com.mx\/index.php?rest_route=\/wp\/v2\/types\/post"}],"author":[{"embeddable":true,"href":"https:\/\/zonaroja.com.mx\/index.php?rest_route=\/wp\/v2\/users\/2"}],"replies":[{"embeddable":true,"href":"https:\/\/zonaroja.com.mx\/index.php?rest_route=%2Fwp%2Fv2%2Fcomments&post=2707"}],"version-history":[{"count":1,"href":"https:\/\/zonaroja.com.mx\/index.php?rest_route=\/wp\/v2\/posts\/2707\/revisions"}],"predecessor-version":[{"id":2708,"href":"https:\/\/zonaroja.com.mx\/index.php?rest_route=\/wp\/v2\/posts\/2707\/revisions\/2708"}],"wp:featuredmedia":[{"embeddable":true,"href":"https:\/\/zonaroja.com.mx\/index.php?rest_route=\/wp\/v2\/media\/2006"}],"wp:attachment":[{"href":"https:\/\/zonaroja.com.mx\/index.php?rest_route=%2Fwp%2Fv2%2Fmedia&parent=2707"}],"wp:term":[{"taxonomy":"category","embeddable":true,"href":"https:\/\/zonaroja.com.mx\/index.php?rest_route=%2Fwp%2Fv2%2Fcategories&post=2707"},{"taxonomy":"post_tag","embeddable":true,"href":"https:\/\/zonaroja.com.mx\/index.php?rest_route=%2Fwp%2Fv2%2Ftags&post=2707"}],"curies":[{"name":"wp","href":"https:\/\/api.w.org\/{rel}","templated":true}]}}