{"id":27086,"date":"2021-05-11T08:15:59","date_gmt":"2021-05-11T13:15:59","guid":{"rendered":"http:\/\/www.zonaroja.com.mx\/?p=27086"},"modified":"2021-05-11T08:16:15","modified_gmt":"2021-05-11T13:16:15","slug":"se-fractura-seccion-22-emiten-convocatoria-sin-firma-de-dirigente","status":"publish","type":"post","link":"https:\/\/zonaroja.com.mx\/?p=27086","title":{"rendered":"Se fractura Secci\u00f3n 22, emiten convocatoria sin firma de dirigente"},"content":{"rendered":"\n<p>Evlin Arag\u00f3n\/Zona Roja.<\/p>\n\n\n\n<p>Oaxaca de Ju\u00e1rez, Oax., 11 de mayo de 2021.- Con la intenci\u00f3n de garantizar la participaci\u00f3n democr\u00e1tica de la gremial magisterial en el XIV Congreso Nacional Ordinario de la CNTE, parte del Comit\u00e9 Ejecutivo de la Secci\u00f3n 22 emiti\u00f3 la convocatoria dirigida a la base para designar a sus delegados y delegadas que participaran en esa actividad.&nbsp;<\/p>\n\n\n\n<p>Sin embargo, el documento est\u00e1 firmado \u00fanicamente por Alfredo Aquino Juli\u00e1n, representante regional de Valles Centrales; Adri\u00e1n Morales Aguilar, representante regional de la Mixteca; y Wilbert Santiago Valdivieso, representante de la Comisi\u00f3n Pol\u00edtica, regi\u00f3n Istmo.<\/p>\n\n\n\n<p>Lo anterior refiere una evidente fractura al interior Comit\u00e9 Ejecutivo de la Secci\u00f3n 22, encabezado por Eloy L\u00f3pez Hern\u00e1ndez, a quien recientemente se\u00f1alaron de no haber emitido la convocatoria para elegir a las y los participantes del Congreso Nacional y designar a una delegaci\u00f3n espuria, sin consultar a la base.&nbsp;<\/p>\n\n\n\n<p>El documento con fecha 9 de mayo, refiere la falta de convocatoria por parte de la dirigencia sindical e invita a la base magisterial del Movimiento Democr\u00e1tico de Trabajadores de la Educaci\u00f3n (MDTEO) a participar en el Congreso Nacional bajo los principios que rigen a la Secci\u00f3n 22.<\/p>\n\n\n\n<p>\u201cLa Secci\u00f3n XXII democr\u00e1tica hace el llamado a las Delegaciones Sindicales, Centros de Trabajo Sindical y Sectores en lucha y resistencia a nombra y respaldar a sus delegados de base rumbo al XIV Congreso Nacional Ordinario de la CNTE que se llevar\u00e1 a cabo los d\u00edas 13, 14 y 15 de mayo de 2021 en el auditorio Ernesto Che Guevara, en Tuxtla Guti\u00e9rrez, Chiapas\u201d, cita.<\/p>\n\n\n\n<p>As\u00ed mismo, exhorta a las y los delegados a reunir este martes, en el auditorio \u201cEnedino Jim\u00e9nez\u201d del Hotel Casa del Maestro para sostener la plenaria con respecto a las tem\u00e1ticas de la Convocatoria Nacional de la Coordinadora Nacional de Trabajadores de la Educaci\u00f3n (CNTE).&nbsp;<\/p>\n\n\n\n<p>Apenas ayer, integrantes de la Uni\u00f3n de Trabajadores de la Educaci\u00f3n (UTE) y el Frente Popular Revolucionario exigieron el relevo sindical de car\u00e1cter inmediato al interior de la Secci\u00f3n 22 de la CNTE y reclamaron la actitud que han asumido los actuales dirigentes que en nada beneficia a la base magisterial.&nbsp;&nbsp;<\/p>\n\n\n\n<p>De manera conjunta manifestaron una leg\u00edtima preocupaci\u00f3n de la permanencia en el cargo de Eloy L\u00f3pez Hern\u00e1ndez, Genaro Mart\u00ednez Morales y Jos\u00e9 Carlos L\u00f3pez Alonso, de quienes recriminaron su comportamiento claudicante, omiso y charro en perjuicio del movimiento magisterial.&nbsp;<\/p>\n\n\n\n<p>Explicaron que fue en enero, de este a\u00f1o, que concluy\u00f3 el periodo de la dirigencia actual y hasta la fecha no existe siquiera la intenci\u00f3n de emitir la convocatoria para el relevo, ello con el pretexto de la pandemia que han utilizado a conveniencia ya que no han convocado a movilizaciones, consultas y asambleas, pero si se han reunido para negociar candidaturas.&nbsp;<\/p>\n","protected":false},"excerpt":{"rendered":"<p>Evlin Arag\u00f3n\/Zona Roja. Oaxaca de Ju\u00e1rez, Oax., 11 de mayo de 2021.- Con la intenci\u00f3n&hellip;<\/p>\n","protected":false},"author":2,"featured_media":27076,"comment_status":"closed","ping_status":"open","sticky":false,"template":"","format":"standard","meta":{"_lmt_disableupdate":"","_lmt_disable":"","_jetpack_memberships_contains_paid_content":false,"footnotes":""},"categories":[109,47],"tags":[312],"class_list":["post-27086","post","type-post","status-publish","format-standard","has-post-thumbnail","hentry","category-minuto-a-minuto","category-zona-gris","tag-seccion-22-del-snte"],"jetpack_featured_media_url":"https:\/\/zonaroja.com.mx\/wp-content\/uploads\/2021\/05\/Convocatoria-Seccion-22.jpg","jetpack_sharing_enabled":true,"_links":{"self":[{"href":"https:\/\/zonaroja.com.mx\/index.php?rest_route=\/wp\/v2\/posts\/27086","targetHints":{"allow":["GET"]}}],"collection":[{"href":"https:\/\/zonaroja.com.mx\/index.php?rest_route=\/wp\/v2\/posts"}],"about":[{"href":"https:\/\/zonaroja.com.mx\/index.php?rest_route=\/wp\/v2\/types\/post"}],"author":[{"embeddable":true,"href":"https:\/\/zonaroja.com.mx\/index.php?rest_route=\/wp\/v2\/users\/2"}],"replies":[{"embeddable":true,"href":"https:\/\/zonaroja.com.mx\/index.php?rest_route=%2Fwp%2Fv2%2Fcomments&post=27086"}],"version-history":[{"count":1,"href":"https:\/\/zonaroja.com.mx\/index.php?rest_route=\/wp\/v2\/posts\/27086\/revisions"}],"predecessor-version":[{"id":27087,"href":"https:\/\/zonaroja.com.mx\/index.php?rest_route=\/wp\/v2\/posts\/27086\/revisions\/27087"}],"wp:featuredmedia":[{"embeddable":true,"href":"https:\/\/zonaroja.com.mx\/index.php?rest_route=\/wp\/v2\/media\/27076"}],"wp:attachment":[{"href":"https:\/\/zonaroja.com.mx\/index.php?rest_route=%2Fwp%2Fv2%2Fmedia&parent=27086"}],"wp:term":[{"taxonomy":"category","embeddable":true,"href":"https:\/\/zonaroja.com.mx\/index.php?rest_route=%2Fwp%2Fv2%2Fcategories&post=27086"},{"taxonomy":"post_tag","embeddable":true,"href":"https:\/\/zonaroja.com.mx\/index.php?rest_route=%2Fwp%2Fv2%2Ftags&post=27086"}],"curies":[{"name":"wp","href":"https:\/\/api.w.org\/{rel}","templated":true}]}}