{"id":27088,"date":"2021-05-11T08:28:50","date_gmt":"2021-05-11T13:28:50","guid":{"rendered":"http:\/\/www.zonaroja.com.mx\/?p=27088"},"modified":"2021-05-11T08:28:56","modified_gmt":"2021-05-11T13:28:56","slug":"mataron-a-anciana-en-la-mixteca-y-otra-vez-no-hay-justicia","status":"publish","type":"post","link":"https:\/\/zonaroja.com.mx\/?p=27088","title":{"rendered":"Mataron a anciana en la Mixteca\u2026 y otra vez no hay justicia"},"content":{"rendered":"\n<p>Redacci\u00f3n\/Informativo 6y7<\/p>\n\n\n\n<p>Oaxaca de Ju\u00e1rez, Oax., 11 de mayo de 2021.- Un probable feminicidio ocurri\u00f3 en San Pedro y San Pablo Tequixtepec, Oaxaca, desde el pasado 5 de mayo y a la fecha no hay justicia.<\/p>\n\n\n\n<p>Ayer, familiares y pobladores de ese municipio de la regi\u00f3n Mixteca, protestaron en la explanada municipal, para demandar a la Fiscal\u00eda General del Estado de Oaxaca agilizar las investigaciones del caso.<\/p>\n\n\n\n<p>Se trata de Mar\u00eda Paula Burgos Calvo, hu\u00e9rfana desde peque\u00f1a, quien se dedic\u00f3 a cuidar a su hermano Silverio y a sobrevivir juntos, con su trabajo en el campo. Pero fue cruelmente asesinada el 5 de mayo en su casa, en San Pedro y San Pablo Tequixtepec, a los 63 a\u00f1os de edad.<\/p>\n\n\n\n<p>Unos d\u00edas antes hab\u00eda acudido con la autoridad municipal a reportar el robo de unos chivos suyos, responsabilizando a su vecino R. M. La atendi\u00f3 el s\u00edndico municipal, Diego Constantino Soriano Arag\u00f3n, quien mand\u00f3 citar a ambas partes, para esclarecer y conciliar la situaci\u00f3n.<\/p>\n\n\n\n<p>El s\u00edndico inform\u00f3 que \u00e9l le hizo ver al vecino que, si no entregaba los chivos, iban a acusar a R. M. de robo a lo que accedi\u00f3 y, en presencia de \u00e9l y polic\u00edas municipales, se levant\u00f3 un acta de acuerdos en la que se estableci\u00f3 que \u00e9l regresaba los caprinos a Mar\u00eda.<\/p>\n\n\n\n<p>Despu\u00e9s, ella pidi\u00f3 al s\u00edndico volverlo a citar porque ten\u00eda otra denuncia en contra del mismo vecino: \u00abpero nunca me dijo el motivo\u00bb, mencion\u00f3.<\/p>\n\n\n\n<p>El mi\u00e9rcoles que los polic\u00edas le entregaron el citatorio para el d\u00eda siguiente, \u00e9l dijo que no iba a asistir, sin embargo, el jueves le mencion\u00f3 al s\u00edndico \u201cque s\u00ed iba a ir, que no la suspendiera, yo lo estaba esperando y nunca lleg\u00f3, fue cuando ocurri\u00f3 el crimen\u00bb, explic\u00f3 el s\u00edndico.<\/p>\n\n\n\n<p>Hasta ese momento no sab\u00eda cu\u00e1l era el motivo, pero cuando lleg\u00f3 su hermano a reportar que hab\u00edan asesinado a Mar\u00eda, \u00abinform\u00f3 que la denuncia era porque su vecino hab\u00eda amenazado a Silverio en el cerro, donde lo oblig\u00f3 a comerse un pl\u00e1tano y una naranja que le hacen da\u00f1o, y cuando lleg\u00f3 a su domicilio, le explic\u00f3 a Mar\u00eda lo que hab\u00eda ocurrido, porque ya presentaba un fuerte dolor\u00bb.<\/p>\n\n\n\n<figure class=\"wp-block-embed-twitter wp-block-embed is-type-rich is-provider-twitter\"><div class=\"wp-block-embed__wrapper\">\n<div class=\"twitter-tweet\"><blockquote class=\"twitter-tweet\" data-lang=\"es\"><p lang=\"es\" dir=\"ltr\"><a href=\"https:\/\/twitter.com\/hashtag\/JusticiaParaMar%C3%ADa?src=hash&amp;ref_src=twsrc%5Etfw\">#JusticiaParaMar\u00eda<\/a> <br>Este lunes en San Pedro y San Pablo Tequixtepec, municipio de la regi\u00f3n Mixteca de Oaxaca, familiares y amigos protestaron por el feminicidio de Mar\u00eda Paula Burgos Calvo, de 63 a\u00f1os de edad, asesinada el pasado 5 de mayo. <br>Video: <a href=\"https:\/\/twitter.com\/informativo6y7?ref_src=twsrc%5Etfw\">@informativo6y7<\/a>. <a href=\"https:\/\/t.co\/z3KK5IHWza\">pic.twitter.com\/z3KK5IHWza<\/a><\/p>&mdash; Zona Roja Oaxaca (@Zona_Roja_Oax) <a href=\"https:\/\/twitter.com\/Zona_Roja_Oax\/status\/1391949723976753153?ref_src=twsrc%5Etfw\">11 de mayo de 2021<\/a><\/blockquote><\/div>\n<\/div><\/figure>\n\n\n\n<p>\u00abNo es que no nos duela, yo vi el cuerpo despu\u00e9s de que la ba\u00f1aron, los ministeriales nos ense\u00f1aron lo que ten\u00edamos que ver, y eso no tuvo nombre, no es de hombres hacer eso, nunca hab\u00eda ocurrido algo as\u00ed en la comunidad\u00bb, expres\u00f3 Soriano Arag\u00f3n.<\/p>\n\n\n\n<p>Tomasa Acevedo Herrera, amiga de Mar\u00eda, dio a conocer que ella tuvo conocimiento de que, desde hace cuatro meses, su vecino la hab\u00eda acosado y que eso hab\u00eda sido denunciado.<\/p>\n\n\n\n<p>\u00abMi esposo le hac\u00eda unos trabajos con el tractor y lleg\u00f3 a la casa a checar unos pendientes, Mar\u00eda nos coment\u00f3 que hab\u00eda denunciado a ese se\u00f1or por acoso sexual, y por eso es que este hecho lamentable nos indigna, porque, como le dije al s\u00edndico, sabemos que ha habido m\u00e1s casos de abuso sexual, de violencia familiar y no se toman cartas en el asunto\u00bb, conden\u00f3.<\/p>\n\n\n\n<p>Ante dicho reclamo por parte de las presentes, el s\u00edndico municipal inform\u00f3 que no recibi\u00f3 otra denuncia de parte de Mar\u00eda, m\u00e1s que la del robo de sus chivos y que de la segunda petici\u00f3n para citar al presunto responsable, no dio los motivos.<\/p>\n\n\n\n<p>Norma Hern\u00e1ndez Burgos, prima-hermana de Mar\u00eda, demand\u00f3 a las autoridades que se haga una investigaci\u00f3n exhaustiva y se corrobore \u00ablo que todo mundo sabe, la responsabilidad de R. M.\u00bb.<\/p>\n\n\n\n<p>\u00abEs un acto terrible, algo muy fuerte, hasta mencionarlo es doloroso, porque fue exageradamente cruel, hay un sospechoso, hay un nombre, todos lo conocen y no se le ha detenido, queremos que esto llegue a las instancias que tenga que llegar\u00bb, destac\u00f3.<\/p>\n\n\n\n<p>Ayer se llev\u00f3 a cabo una protesta en el centro de este municipio ubicado en la Mixteca oaxaque\u00f1a, en la que participaron cerca de 100 personas.<\/p>\n\n\n\n<p>Mohamed V\u00e1squez Valenzuela, presidente municipal, no estaba presente durante la manifestaci\u00f3n, pues inform\u00f3 a trav\u00e9s del s\u00edndico que hab\u00eda ocurrido una situaci\u00f3n de salud con un familiar.<\/p>\n\n\n\n<p>S\u00f3lo estaba el s\u00edndico, el regidor de Seguridad y las regidoras de Hacienda y Educaci\u00f3n, quienes escucharon las manifestaciones y expresaron a la familia y amigos, que har\u00edan lo posible para que se atienda este crimen y coadyuvar\u00edan con las instancias encargadas de impartir justicia, porque les correspond\u00eda a ellos.<\/p>\n\n\n\n<p>El jueves 5 de mayo por la ma\u00f1ana, Silverio, de 60 a\u00f1os de edad, acudi\u00f3 al cerro con sus chivos. Mar\u00eda se qued\u00f3 en el rancho donde viv\u00edan, en el Cerro del lunar.<\/p>\n\n\n\n<figure class=\"wp-block-image size-large\"><img decoding=\"async\" width=\"1024\" height=\"683\" src=\"http:\/\/www.zonaroja.com.mx\/wp-content\/uploads\/2021\/05\/Maria2-1024x683.jpg\" alt=\"\" class=\"wp-image-27090\" srcset=\"https:\/\/zonaroja.com.mx\/wp-content\/uploads\/2021\/05\/Maria2-1024x683.jpg 1024w, https:\/\/zonaroja.com.mx\/wp-content\/uploads\/2021\/05\/Maria2-300x200.jpg 300w, https:\/\/zonaroja.com.mx\/wp-content\/uploads\/2021\/05\/Maria2-768x512.jpg 768w, https:\/\/zonaroja.com.mx\/wp-content\/uploads\/2021\/05\/Maria2-1170x780.jpg 1170w, https:\/\/zonaroja.com.mx\/wp-content\/uploads\/2021\/05\/Maria2-585x390.jpg 585w, https:\/\/zonaroja.com.mx\/wp-content\/uploads\/2021\/05\/Maria2-263x175.jpg 263w, https:\/\/zonaroja.com.mx\/wp-content\/uploads\/2021\/05\/Maria2.jpg 1200w\" sizes=\"(max-width: 1024px) 100vw, 1024px\" \/><\/figure>\n\n\n\n<p>Alrededor de las 5:00 de la tarde regres\u00f3 a su casa y encontr\u00f3 a su hermana, con quien estuvo toda su vida al quedarse sin padres desde peque\u00f1os, sin vida y con severas huellas de violencia.<\/p>\n\n\n\n<p>Acudi\u00f3 con las autoridades municipales, report\u00f3 el asesinato; ellas avisaron a la Vicefiscal\u00eda Regional de Justicia en la Mixteca y acudi\u00f3 su personal. A las 02:00 horas del 6 de mayo, se llevaron el cuerpo al pante\u00f3n a realizarle la necrocirug\u00eda.<\/p>\n\n\n\n<p>Al d\u00eda siguiente, se fue a buscar al presunto responsable, se han hecho tres jornadas de b\u00fasqueda en los d\u00edas siguientes con personal de seguridad, familiares y habitantes de la comunidad, pero no se ha localizado.<\/p>\n\n\n\n<p>Para demandar que esta situaci\u00f3n no quede en la impunidad, familiares y pobladores piden el apoyo de colectivos y organismos de derechos humanos.<\/p>\n","protected":false},"excerpt":{"rendered":"<p>Redacci\u00f3n\/Informativo 6y7 Oaxaca de Ju\u00e1rez, Oax., 11 de mayo de 2021.- Un probable feminicidio ocurri\u00f3&hellip;<\/p>\n","protected":false},"author":2,"featured_media":27089,"comment_status":"closed","ping_status":"open","sticky":false,"template":"","format":"standard","meta":{"_lmt_disableupdate":"","_lmt_disable":"","_jetpack_memberships_contains_paid_content":false,"footnotes":""},"categories":[109,51],"tags":[2670,2669],"class_list":["post-27088","post","type-post","status-publish","format-standard","has-post-thumbnail","hentry","category-minuto-a-minuto","category-zona-roja","tag-maria-paula-burgos-calvo","tag-san-pedro-y-san-pablo-tequixtepec"],"jetpack_featured_media_url":"https:\/\/zonaroja.com.mx\/wp-content\/uploads\/2021\/05\/Maria.jpg","jetpack_sharing_enabled":true,"_links":{"self":[{"href":"https:\/\/zonaroja.com.mx\/index.php?rest_route=\/wp\/v2\/posts\/27088","targetHints":{"allow":["GET"]}}],"collection":[{"href":"https:\/\/zonaroja.com.mx\/index.php?rest_route=\/wp\/v2\/posts"}],"about":[{"href":"https:\/\/zonaroja.com.mx\/index.php?rest_route=\/wp\/v2\/types\/post"}],"author":[{"embeddable":true,"href":"https:\/\/zonaroja.com.mx\/index.php?rest_route=\/wp\/v2\/users\/2"}],"replies":[{"embeddable":true,"href":"https:\/\/zonaroja.com.mx\/index.php?rest_route=%2Fwp%2Fv2%2Fcomments&post=27088"}],"version-history":[{"count":1,"href":"https:\/\/zonaroja.com.mx\/index.php?rest_route=\/wp\/v2\/posts\/27088\/revisions"}],"predecessor-version":[{"id":27091,"href":"https:\/\/zonaroja.com.mx\/index.php?rest_route=\/wp\/v2\/posts\/27088\/revisions\/27091"}],"wp:featuredmedia":[{"embeddable":true,"href":"https:\/\/zonaroja.com.mx\/index.php?rest_route=\/wp\/v2\/media\/27089"}],"wp:attachment":[{"href":"https:\/\/zonaroja.com.mx\/index.php?rest_route=%2Fwp%2Fv2%2Fmedia&parent=27088"}],"wp:term":[{"taxonomy":"category","embeddable":true,"href":"https:\/\/zonaroja.com.mx\/index.php?rest_route=%2Fwp%2Fv2%2Fcategories&post=27088"},{"taxonomy":"post_tag","embeddable":true,"href":"https:\/\/zonaroja.com.mx\/index.php?rest_route=%2Fwp%2Fv2%2Ftags&post=27088"}],"curies":[{"name":"wp","href":"https:\/\/api.w.org\/{rel}","templated":true}]}}