{"id":27092,"date":"2021-05-11T08:45:31","date_gmt":"2021-05-11T13:45:31","guid":{"rendered":"http:\/\/www.zonaroja.com.mx\/?p=27092"},"modified":"2021-05-11T08:45:36","modified_gmt":"2021-05-11T13:45:36","slug":"mas-de-35-agentes-y-ex-agentes-municipales-arropan-villacana","status":"publish","type":"post","link":"https:\/\/zonaroja.com.mx\/?p=27092","title":{"rendered":"M\u00e1s de 35 agentes y ex agentes municipales arropan Villaca\u00f1a"},"content":{"rendered":"\n<p>Redacci\u00f3n\/Zona Roja.<\/p>\n\n\n\n<p>Oaxaca de Ju\u00e1rez, Oax., a 11 de mayo de 2021.- M\u00e1s de 35 ex agentes y agentes municipales y de polic\u00eda de Oaxaca de Ju\u00e1rez dieron su apoyo al abanderado del PRI, PAN y PRD, Javier Villaca\u00f1a Jim\u00e9nez, para ser el edil capitalino que rescate la grandeza y belleza de la ciudad con resultados, como lo hizo hace siete a\u00f1os.<\/p>\n\n\n\n<p>Al sostener una reuni\u00f3n, las y los representantes populares de las 13 demarcaciones, expresaron su confianza a Javier Villaca\u00f1a y a la candidata a diputada local, Laura Vign\u00f3n Carre\u00f1o.<\/p>\n\n\n\n<p>\u00abCuando usted estuvo, muchos pensaron que varias obras no iban a ser posibles y lo fueron. La gente hoy en d\u00eda tiene muy claro el cambio que se necesita y es contigo Javier\u00bb, asever\u00f3 uno de los ex agentes de Pueblo Nuevo.<\/p>\n\n\n\n<p>Por su parte, Javier Villaca\u00f1a candidato com\u00fan de PRI, PAN y PRD, convoc\u00f3 a los agentes y ex agentes a realizar un proyecto de gobierno juntos que haga la diferencia. \u00abVamos unidos y coadyuven&nbsp; a construir el Oaxaca que metemos\u00bb, dijo, luego de rememorar algunas obras que se hicieron en Montoya, Santa Rosa Panzacola y Trinidad de Viguera.<\/p>\n\n\n\n<p>Junto a Juan Iv\u00e1n Mendoza, coordinador de la Mesa Pol\u00edtica del PAN, destac\u00f3 que la diferencia de que se haya entregado diversas obras, es que los agentes ten\u00edan un aliado en el municipio de Oaxaca y volver\u00e1n a tenerlo una vez&nbsp; triunfando en las urnas el pr\u00f3ximo 6 de junio.<\/p>\n\n\n\n<p>Al finalizar,\u00a0 los 35 ex agentes y agentes afirmaron\u00a0 que respaldar\u00e1n\u00a0 el proyecto del candidato \u00abVa por Oaxaca\u00bb y as\u00ed volver a tener un gobierno\u00a0 de trabajo y cercano con las y los citadinos.<\/p>\n\n\n\n<figure class=\"wp-block-embed-twitter wp-block-embed is-type-rich is-provider-twitter\"><div class=\"wp-block-embed__wrapper\">\n<div class=\"twitter-tweet\"><blockquote class=\"twitter-tweet\" data-lang=\"es\"><p lang=\"es\" dir=\"ltr\">Con orgullo y convicci\u00f3n seguimos compartiendo la base de nuestro proyecto por <a href=\"https:\/\/twitter.com\/hashtag\/OaxacaDeJu%C3%A1rez?src=hash&amp;ref_src=twsrc%5Etfw\">#OaxacaDeJu\u00e1rez<\/a>, el cual hemos construido con ustedes y que tambi\u00e9n con su apoyo se har\u00e1 realidad. Hoy firmamos nuestro <a href=\"https:\/\/twitter.com\/hashtag\/CompromisoConLasMujeres?src=hash&amp;ref_src=twsrc%5Etfw\">#CompromisoConLasMujeres<\/a> y el <a href=\"https:\/\/twitter.com\/hashtag\/CompromisoConLosMercados?src=hash&amp;ref_src=twsrc%5Etfw\">#CompromisoConLosMercados<\/a>. <a href=\"https:\/\/twitter.com\/hashtag\/JuntosLoHaremosDeNuevo?src=hash&amp;ref_src=twsrc%5Etfw\">#JuntosLoHaremosDeNuevo<\/a> <a href=\"https:\/\/t.co\/JV4LhY3Tca\">pic.twitter.com\/JV4LhY3Tca<\/a><\/p>&mdash; Javier Villaca\u00f1a (@JavierVillacana) <a href=\"https:\/\/twitter.com\/JavierVillacana\/status\/1391796187234177039?ref_src=twsrc%5Etfw\">10 de mayo de 2021<\/a><\/blockquote><\/div>\n<\/div><\/figure>\n\n\n\n<p>RESPALDO A MUJERES<\/p>\n\n\n\n<p>Por otra parte, en el marco de la celebraci\u00f3n del D\u00eda de las Madres, Javier Villaca\u00f1a Jim\u00e9nez, candidato com\u00fan por el PRI, PAN y PRD, se comprometi\u00f3 con el desarrollo pleno de las mujeres, a trav\u00e9s del impulso de esquemas de salud, seguridad y empoderamiento econ\u00f3mico.<\/p>\n\n\n\n<p>Ante representantes de los medios de comunicaci\u00f3n, Villaca\u00f1a Jim\u00e9nez sign\u00f3 este lunes los \u201cCompromisos con las Mujeres\u201d, entre los que destaca la recuperaci\u00f3n de la Cl\u00ednica de la Mujer, un proyecto prioritario para fortalecer la salud preventiva, sobre todo en padecimientos como el c\u00e1ncer de mama y cervicouterino.<\/p>\n\n\n\n<p>Asimismo, para fortalecer el empoderamiento de la mujer por medio de su capacitaci\u00f3n y autoempleo, realizar\u00e1 una revisi\u00f3n de la agenda de trabajo de la Escuela Municipal de Capacitaci\u00f3n Artesanal e Industrial (EMCAI); adem\u00e1s de incrementar los programas de apoyo a la econom\u00eda familiar, como son los huertos de traspatio y retomar el apoyo alimentario a madres solteras, viudas y mujeres adultas mayores.<\/p>\n\n\n\n<p>Acompa\u00f1ado de Juan Iv\u00e1n Mendoza Reyes, coordinador de la Mesa Pol\u00edtica del PAN Estatal; Villaca\u00f1a Jim\u00e9nez explic\u00f3 que en materia de seguridad y combate a la violencia de g\u00e9nero, implementar\u00e1 dentro de la polic\u00eda municipal, puntos de atenci\u00f3n para atender de forma expedita denuncias de violencia de genero y actuar con firmeza para evitar el acoso y la agresi\u00f3n verbal a mujeres en la v\u00eda p\u00fablica.<\/p>\n\n\n\n<p>Al t\u00e9rmino del encuentro con los medios de comunicaci\u00f3n, Javier Villaca\u00f1a envi\u00f3 una felicitaci\u00f3n a las madres en su d\u00eda, a quienes reconoci\u00f3 como el pilar familiar y econ\u00f3mico de la sociedad oaxaque\u00f1a.<\/p>\n\n\n\n<figure class=\"wp-block-embed-twitter wp-block-embed is-type-rich is-provider-twitter\"><div class=\"wp-block-embed__wrapper\">\n<div class=\"twitter-tweet\"><blockquote class=\"twitter-tweet\" data-lang=\"es\"><p lang=\"es\" dir=\"ltr\"><a href=\"https:\/\/twitter.com\/hashtag\/10Mayo?src=hash&amp;ref_src=twsrc%5Etfw\">#10Mayo<\/a> \ud83d\udcc3 | <a href=\"https:\/\/twitter.com\/hashtag\/Comunicado?src=hash&amp;ref_src=twsrc%5Etfw\">#Comunicado<\/a><br><br>Jalatlaco va con <a href=\"https:\/\/twitter.com\/hashtag\/JavierVillaca%C3%B1a?src=hash&amp;ref_src=twsrc%5Etfw\">#JavierVillaca\u00f1a<\/a>. <a href=\"https:\/\/t.co\/JBWqQ8cHrE\">https:\/\/t.co\/JBWqQ8cHrE<\/a><a href=\"https:\/\/twitter.com\/hashtag\/VaPorTi?src=hash&amp;ref_src=twsrc%5Etfw\">#VaPorTi<\/a> <a href=\"https:\/\/twitter.com\/hashtag\/VaPorOaxacaDeJu%C3%A1rez?src=hash&amp;ref_src=twsrc%5Etfw\">#VaPorOaxacaDeJu\u00e1rez<\/a> <a href=\"https:\/\/t.co\/hi9c7JSga7\">pic.twitter.com\/hi9c7JSga7<\/a><\/p>&mdash; Javier Villaca\u00f1a (@JavierVillacana) <a href=\"https:\/\/twitter.com\/JavierVillacana\/status\/1391966556800921600?ref_src=twsrc%5Etfw\">11 de mayo de 2021<\/a><\/blockquote><\/div>\n<\/div><\/figure>\n\n\n\n<p>APOYO EN JALATLACO<\/p>\n\n\n\n<p>Al recorrer el emblem\u00e1tico Barrio de Jalatlaco, Javier Villaca\u00f1a Jim\u00e9nez, candidato por el PRI, PAN y PRD a la presidencia de Oaxaca de Ju\u00e1rez, recibi\u00f3 el voto de confianza de vecinos y vecinas quienes aseguraron que el 6 de junio obtendr\u00e1 el triunfo indiscutible en las urnas \u201cporque Jalatlaco lo necesita\u201d.<\/p>\n\n\n\n<p>Luego de escuchar las diferentes requerimientos de las familias, Villaca\u00f1a Jim\u00e9nez hizo el planteamiento de darles atenci\u00f3n y soluciones integrales, trabajando de la mano de quienes habitan en esta zona de la ciudad. \u00abMe motiva contar con el respaldo de ustedes y&nbsp; mi compromiso es que van a tener un amigo del barrio\u00bb asegur\u00f3.<\/p>\n\n\n\n<p>Acompa\u00f1ado de su esposa, Ver\u00f3nica Quevedo y la candidata a diputada local, Laura Vign\u00f3n Carre\u00f1o e integrantes de su planilla, Javier Villaca\u00f1a recorri\u00f3 esas calles que fueron rehabilitadas en su anterior gesti\u00f3n municipal, las cuales han sido cuidadas y mejoradas por la comunidad.<\/p>\n\n\n\n<p>Entre muestras de cari\u00f1o, el aspirante a la presidencia municipal camin\u00f3 sobre la calle 5 de mayo, donde entabl\u00f3&nbsp; un di\u00e1logo directo con personas que sal\u00edan a su avance como Don Manuel G\u00f3mez Salinas,&nbsp; quien esper\u00f3 al abanderado de \u00abVa por Oaxaca\u00bb afuera de su domicilio.<\/p>\n\n\n\n<p>Cuenta con mi voto y el apoyo de los nativos del barrio -expres\u00f3 emocionado- al recordar los diferentes apoyos que ha recibido por parte de la gesti\u00f3n de Villaca\u00f1a.<\/p>\n\n\n\n<p>\u00a1Arriba Javier!, se escuchaba durante su caminar por calles adoquinadas, fachadas coloridas y tiendas tradicionales que trasladan a los visitantes por un viaje en el tiempo.<\/p>\n","protected":false},"excerpt":{"rendered":"<p>Redacci\u00f3n\/Zona Roja. Oaxaca de Ju\u00e1rez, Oax., a 11 de mayo de 2021.- M\u00e1s de 35&hellip;<\/p>\n","protected":false},"author":2,"featured_media":27077,"comment_status":"closed","ping_status":"open","sticky":false,"template":"","format":"standard","meta":{"_lmt_disableupdate":"","_lmt_disable":"","_jetpack_memberships_contains_paid_content":false,"footnotes":""},"categories":[109,47],"tags":[2456],"class_list":["post-27092","post","type-post","status-publish","format-standard","has-post-thumbnail","hentry","category-minuto-a-minuto","category-zona-gris","tag-javier-villacana-jimenez"],"jetpack_featured_media_url":"https:\/\/zonaroja.com.mx\/wp-content\/uploads\/2021\/05\/Javier-Villacana-Jalatlaco.jpg","jetpack_sharing_enabled":true,"_links":{"self":[{"href":"https:\/\/zonaroja.com.mx\/index.php?rest_route=\/wp\/v2\/posts\/27092","targetHints":{"allow":["GET"]}}],"collection":[{"href":"https:\/\/zonaroja.com.mx\/index.php?rest_route=\/wp\/v2\/posts"}],"about":[{"href":"https:\/\/zonaroja.com.mx\/index.php?rest_route=\/wp\/v2\/types\/post"}],"author":[{"embeddable":true,"href":"https:\/\/zonaroja.com.mx\/index.php?rest_route=\/wp\/v2\/users\/2"}],"replies":[{"embeddable":true,"href":"https:\/\/zonaroja.com.mx\/index.php?rest_route=%2Fwp%2Fv2%2Fcomments&post=27092"}],"version-history":[{"count":1,"href":"https:\/\/zonaroja.com.mx\/index.php?rest_route=\/wp\/v2\/posts\/27092\/revisions"}],"predecessor-version":[{"id":27093,"href":"https:\/\/zonaroja.com.mx\/index.php?rest_route=\/wp\/v2\/posts\/27092\/revisions\/27093"}],"wp:featuredmedia":[{"embeddable":true,"href":"https:\/\/zonaroja.com.mx\/index.php?rest_route=\/wp\/v2\/media\/27077"}],"wp:attachment":[{"href":"https:\/\/zonaroja.com.mx\/index.php?rest_route=%2Fwp%2Fv2%2Fmedia&parent=27092"}],"wp:term":[{"taxonomy":"category","embeddable":true,"href":"https:\/\/zonaroja.com.mx\/index.php?rest_route=%2Fwp%2Fv2%2Fcategories&post=27092"},{"taxonomy":"post_tag","embeddable":true,"href":"https:\/\/zonaroja.com.mx\/index.php?rest_route=%2Fwp%2Fv2%2Ftags&post=27092"}],"curies":[{"name":"wp","href":"https:\/\/api.w.org\/{rel}","templated":true}]}}