{"id":27094,"date":"2021-05-11T09:07:50","date_gmt":"2021-05-11T14:07:50","guid":{"rendered":"http:\/\/www.zonaroja.com.mx\/?p=27094"},"modified":"2021-05-11T09:07:55","modified_gmt":"2021-05-11T14:07:55","slug":"asesinaron-a-claudia-uruchurtu-revela-presidente-amlo","status":"publish","type":"post","link":"https:\/\/zonaroja.com.mx\/?p=27094","title":{"rendered":"Asesinaron a Claudia Uruchurtu, revela Presidente AMLO"},"content":{"rendered":"\n<p>Ismael Garc\u00eda M.\/Zona Roja.<\/p>\n\n\n\n<p>Oaxaca de Ju\u00e1rez, Oax., 11 de mayo de 2021.- La activista Claudia Uruchurtu Cruz, desaparecida el 26 de marzo pasado, fue asesinada.<\/p>\n\n\n\n<p>As\u00ed lo revel\u00f3 hoy el Presidente de M\u00e9xico, Andr\u00e9s Manuel L\u00f3pez Obrador, quien dijo que presuntamente fue por \u00f3rdenes de la presidenta municipal con licencia, Lizbeth Victoria Huerta.<\/p>\n\n\n\n<p>\u201cFue muy doloroso lo que acaba de pasar en Nochixtl\u00e1n, Oaxaca, donde desaparece una luchadora social, se abre la investigaci\u00f3n y un participante como testigo protegido da a conocer que la hab\u00edan asesinado.<\/p>\n\n\n\n<p>\u201cY que la orden hab\u00eda salido presuntamente, supuestamente, de la presidenta municipal (Lizbeth Victoria), del Partido Morena.<\/p>\n\n\n\n<p>\u201cY la instrucci\u00f3n es, sea quien sea; no llegamos aqu\u00ed para eternizar la corrupci\u00f3n y la impunidad, entonces, que se aclare&#8230;\u201d, dijo en la conferencia matutina desde el Palacio Nacional.<\/p>\n\n\n\n<figure class=\"wp-block-embed-twitter wp-block-embed is-type-rich is-provider-twitter\"><div class=\"wp-block-embed__wrapper\">\n<div class=\"twitter-tweet\"><blockquote class=\"twitter-tweet\" data-lang=\"es\"><p lang=\"es\" dir=\"ltr\"><a href=\"https:\/\/twitter.com\/hashtag\/%C3%9AltimoMinuto?src=hash&amp;ref_src=twsrc%5Etfw\">#\u00daltimoMinuto<\/a> <br>En su conferencia matutina de hoy, el presidente <a href=\"https:\/\/twitter.com\/lopezobrador_?ref_src=twsrc%5Etfw\">@lopezobrador_<\/a>  revel\u00f3 que un testigo protegido inform\u00f3 que habr\u00edan asesinado a Claudia Uruchurtu. <br>Adem\u00e1s, la autora intelectual habr\u00eda sido la presidenta municipal de Asunci\u00f3n Nochixtl\u00e1n, <a href=\"https:\/\/twitter.com\/LizVictoriaHta?ref_src=twsrc%5Etfw\">@LizVictoriaHta<\/a>, de Morena <a href=\"https:\/\/t.co\/gtikr0JLq3\">pic.twitter.com\/gtikr0JLq3<\/a><\/p>&mdash; Zona Roja Oaxaca (@Zona_Roja_Oax) <a href=\"https:\/\/twitter.com\/Zona_Roja_Oax\/status\/1392113764833583111?ref_src=twsrc%5Etfw\">11 de mayo de 2021<\/a><\/blockquote><\/div>\n<\/div><\/figure>\n\n\n\n<p>Claudia Uruchurtu desapareci\u00f3 el 26 de marzo tras una protesta en el palacio municipal de Nochixtl\u00e1n; presuntamente se la llevaron a bordo de una camioneta, que ser\u00eda de un familiar de la edil.<\/p>\n\n\n\n<p>Al d\u00eda siguiente, por aviso de vecinos que dijeron haber visto un cuerpo sin vida, investigadores y familiares acudieron a un camino de terracer\u00eda de Coxcaltepec C\u00e1ntaros, pero s\u00f3lo hallaron manchas hem\u00e1ticas y unas llaves, que despu\u00e9s se comprob\u00f3 eran de Claudia.<\/p>\n\n\n\n<p>Familiares de la mujer, dos de ellas con nacionalidad brit\u00e1nica y mexicana, arribaron de la Gran Breta\u00f1a para exigir justicia y b\u00fasqueda de Claudia Uruchurtu Cruz.<\/p>\n\n\n\n<p>Por ese caso se han manifestado autoridades diplom\u00e1ticas y parlamentarios brit\u00e1nicos. Ayer, padre, madre y hermanos de Claudia aseguraron que ella es inocente de los delitos que se le acusan.<\/p>\n\n\n\n<p>El pasado viernes 7 de mayo, la Fiscal\u00eda General del Estado detuvo a tres personas, entre ellas Lizbeth Victoria, un abogado y un jefe policiaco. La alcaldesa con licencia buscaba la reelecci\u00f3n por el Partido Morena.<\/p>\n","protected":false},"excerpt":{"rendered":"<p>Ismael Garc\u00eda M.\/Zona Roja. Oaxaca de Ju\u00e1rez, Oax., 11 de mayo de 2021.- La activista&hellip;<\/p>\n","protected":false},"author":2,"featured_media":26000,"comment_status":"closed","ping_status":"open","sticky":false,"template":"","format":"standard","meta":{"_lmt_disableupdate":"","_lmt_disable":"","_jetpack_memberships_contains_paid_content":false,"footnotes":""},"categories":[109,47],"tags":[2582,2083],"class_list":["post-27094","post","type-post","status-publish","format-standard","has-post-thumbnail","hentry","category-minuto-a-minuto","category-zona-gris","tag-claudia-uruchurtu-cruz","tag-lizbeth-victoria-huerta"],"jetpack_featured_media_url":"https:\/\/zonaroja.com.mx\/wp-content\/uploads\/2021\/04\/Claudia-Uruchurtu-C..jpg","jetpack_sharing_enabled":true,"_links":{"self":[{"href":"https:\/\/zonaroja.com.mx\/index.php?rest_route=\/wp\/v2\/posts\/27094","targetHints":{"allow":["GET"]}}],"collection":[{"href":"https:\/\/zonaroja.com.mx\/index.php?rest_route=\/wp\/v2\/posts"}],"about":[{"href":"https:\/\/zonaroja.com.mx\/index.php?rest_route=\/wp\/v2\/types\/post"}],"author":[{"embeddable":true,"href":"https:\/\/zonaroja.com.mx\/index.php?rest_route=\/wp\/v2\/users\/2"}],"replies":[{"embeddable":true,"href":"https:\/\/zonaroja.com.mx\/index.php?rest_route=%2Fwp%2Fv2%2Fcomments&post=27094"}],"version-history":[{"count":1,"href":"https:\/\/zonaroja.com.mx\/index.php?rest_route=\/wp\/v2\/posts\/27094\/revisions"}],"predecessor-version":[{"id":27095,"href":"https:\/\/zonaroja.com.mx\/index.php?rest_route=\/wp\/v2\/posts\/27094\/revisions\/27095"}],"wp:featuredmedia":[{"embeddable":true,"href":"https:\/\/zonaroja.com.mx\/index.php?rest_route=\/wp\/v2\/media\/26000"}],"wp:attachment":[{"href":"https:\/\/zonaroja.com.mx\/index.php?rest_route=%2Fwp%2Fv2%2Fmedia&parent=27094"}],"wp:term":[{"taxonomy":"category","embeddable":true,"href":"https:\/\/zonaroja.com.mx\/index.php?rest_route=%2Fwp%2Fv2%2Fcategories&post=27094"},{"taxonomy":"post_tag","embeddable":true,"href":"https:\/\/zonaroja.com.mx\/index.php?rest_route=%2Fwp%2Fv2%2Ftags&post=27094"}],"curies":[{"name":"wp","href":"https:\/\/api.w.org\/{rel}","templated":true}]}}