{"id":27096,"date":"2021-05-11T10:47:36","date_gmt":"2021-05-11T15:47:36","guid":{"rendered":"http:\/\/www.zonaroja.com.mx\/?p=27096"},"modified":"2021-05-11T10:47:40","modified_gmt":"2021-05-11T15:47:40","slug":"desconoce-familia-si-claudia-fue-asesinada-pide-audiencia-con-amlo","status":"publish","type":"post","link":"https:\/\/zonaroja.com.mx\/?p=27096","title":{"rendered":"Desconoce familia si Claudia fue asesinada; pide audiencia con AMLO"},"content":{"rendered":"\n<p>Redacci\u00f3n\/Zona Roja.<\/p>\n\n\n\n<p>Oaxaca de Ju\u00e1rez, Oax., 11 de mayo de 2021.- Tras la revelaci\u00f3n del Presidente Andr\u00e9s Manuel L\u00f3pez Obrador, la familia de Claudia Uruchurtu no ha confirmado si fue asesinada y hoy pidi\u00f3 una cita con el mandatario mexicano.<\/p>\n\n\n\n<p>\u201cReiteramos p\u00fablicamente nuestra petici\u00f3n de una audiencia con el Presidente, Andr\u00e9s Manuel L\u00f3pez Obrador y que nos brinde la oportunidad de discutir la desaparici\u00f3n forzada de nuestra hermana Claudia Uruchurtu Cruz.<\/p>\n\n\n\n<p>\u201cEn \u00e9l confiamos. Manifestamos una vez m\u00e1s que la b\u00fasqueda continua y que no descansaremos hasta encontrar a nuestra hermana Claudia\u201d, difundieron Elizabeth, Sara y Hayd\u00e9, de nacionalidad mexicana y brit\u00e1nica.<\/p>\n\n\n\n<p>En su conferencia matutina, L\u00f3pez Obrador hoy que Claudia, desaparecida el 26 de marzo en Asunci\u00f3n Nochixtl\u00e1n, habr\u00eda sido asesinada, seg\u00fan un testigo protegido, y que habr\u00eda sido por \u00f3rdenes de la presidenta con licencia, Lizbeth Victoria Huerta.<\/p>\n\n\n\n<p>En un comunicado, las tres hermanas expusieron que sobre el caso, los funcionarios del Poder Judicial (jueces) deben ser conscientes sobre la magnitud de su responsabilidad en materia de desaparici\u00f3n, pues son parte de esa deuda que tiene el Estado con las v\u00edctimas y sus familiares.<\/p>\n\n\n\n<p>\u201cEl Poder Judicial es esencial para hacer frente a las injusticias que conlleva la desaparici\u00f3n forzada de una persona, espec\u00edficamente en materia penal, adem\u00e1s de procesar y sancionar a los responsables, tiene tambi\u00e9n el deber de m\u00e1xima diligencia en la protecci\u00f3n de los derechos de las v\u00edctimas y sus familiares, derivado de la especial vulnerabilidad en la que estos se encuentran bajo los m\u00e1s altos est\u00e1ndares internacionales, regionales y nacionales de protecci\u00f3n de los derechos humanos, deben esclarecer la verdad.<\/p>\n\n\n\n<p>\u201cValorar el contexto estructural del fen\u00f3meno; adoptar las normas y criterios en la materia y darle visibilidad a este problema mediante la publicaci\u00f3n y difusi\u00f3n de sus resoluciones. En tal sentido, el actuar del poder judicial debe ser activo, din\u00e1mico, garantista, sensible, cercano a la v\u00edctima; la protecci\u00f3n que nos pueda brindar el poder judicial constituye la \u00faltima esperanza ante la impotencia y desesperaci\u00f3n en la desaparici\u00f3n de nuestra hermana Claudia\u201d.<\/p>\n\n\n\n<p>Adem\u00e1s, indicaron que el trabajo realizado por la Fiscal\u00eda del Estado, \u201ces apenas el comienzo de una serie de procedimientos de las Instituciones de Justicia del Estado Mexicano para la localizaci\u00f3n de Claudia y no dejar impune este atroz acto catalogado como crimen de lesa humanidad.<\/p>\n\n\n\n<p>\u201cEstamos ante un caso paradigm\u00e1tico, no \u00fanicamente en Oaxaca sino a nivel nacional e internacional y el Poder Judicial est\u00e1 ante la hist\u00f3rica oportunidad de recuperar la confianza ciudadana y conducirse de una manera incorruptible en este proceso y brinde una verdadera justicia por la desaparici\u00f3n forzada de Claudia\u201d.<\/p>\n\n\n\n<p>En este sentido, informaron \u201cque existen evidencias suficientes que posicionan como principal responsable a la presidenta municipal de Asunci\u00f3n Nochixtl\u00e1n, Lizbeth Victoria Huerta, por la desaparici\u00f3n forzada de Claudia.<\/p>\n\n\n\n<p>\u201cConfiamos en que los jueces que est\u00e1n conociendo el caso de nuestra hermana asuman esta tarea con responsabilidad, compromiso, sensibilidad y garantizando el respeto a los derechos humanos que como v\u00edctimas de un delito tenemos\u201d.<\/p>\n","protected":false},"excerpt":{"rendered":"<p>Redacci\u00f3n\/Zona Roja. Oaxaca de Ju\u00e1rez, Oax., 11 de mayo de 2021.- Tras la revelaci\u00f3n del&hellip;<\/p>\n","protected":false},"author":2,"featured_media":27097,"comment_status":"closed","ping_status":"open","sticky":false,"template":"","format":"standard","meta":{"_lmt_disableupdate":"","_lmt_disable":"","_jetpack_memberships_contains_paid_content":false,"footnotes":""},"categories":[109,47],"tags":[2582],"class_list":["post-27096","post","type-post","status-publish","format-standard","has-post-thumbnail","hentry","category-minuto-a-minuto","category-zona-gris","tag-claudia-uruchurtu-cruz"],"jetpack_featured_media_url":"https:\/\/zonaroja.com.mx\/wp-content\/uploads\/2021\/05\/Claudia-Uruchurtu-1.png","jetpack_sharing_enabled":true,"_links":{"self":[{"href":"https:\/\/zonaroja.com.mx\/index.php?rest_route=\/wp\/v2\/posts\/27096","targetHints":{"allow":["GET"]}}],"collection":[{"href":"https:\/\/zonaroja.com.mx\/index.php?rest_route=\/wp\/v2\/posts"}],"about":[{"href":"https:\/\/zonaroja.com.mx\/index.php?rest_route=\/wp\/v2\/types\/post"}],"author":[{"embeddable":true,"href":"https:\/\/zonaroja.com.mx\/index.php?rest_route=\/wp\/v2\/users\/2"}],"replies":[{"embeddable":true,"href":"https:\/\/zonaroja.com.mx\/index.php?rest_route=%2Fwp%2Fv2%2Fcomments&post=27096"}],"version-history":[{"count":1,"href":"https:\/\/zonaroja.com.mx\/index.php?rest_route=\/wp\/v2\/posts\/27096\/revisions"}],"predecessor-version":[{"id":27098,"href":"https:\/\/zonaroja.com.mx\/index.php?rest_route=\/wp\/v2\/posts\/27096\/revisions\/27098"}],"wp:featuredmedia":[{"embeddable":true,"href":"https:\/\/zonaroja.com.mx\/index.php?rest_route=\/wp\/v2\/media\/27097"}],"wp:attachment":[{"href":"https:\/\/zonaroja.com.mx\/index.php?rest_route=%2Fwp%2Fv2%2Fmedia&parent=27096"}],"wp:term":[{"taxonomy":"category","embeddable":true,"href":"https:\/\/zonaroja.com.mx\/index.php?rest_route=%2Fwp%2Fv2%2Fcategories&post=27096"},{"taxonomy":"post_tag","embeddable":true,"href":"https:\/\/zonaroja.com.mx\/index.php?rest_route=%2Fwp%2Fv2%2Ftags&post=27096"}],"curies":[{"name":"wp","href":"https:\/\/api.w.org\/{rel}","templated":true}]}}