{"id":27107,"date":"2021-05-11T16:00:18","date_gmt":"2021-05-11T21:00:18","guid":{"rendered":"http:\/\/www.zonaroja.com.mx\/?p=27107"},"modified":"2021-05-11T16:00:23","modified_gmt":"2021-05-11T21:00:23","slug":"valida-convocatoria-de-asamblea-de-la-s-22-sin-dirigente","status":"publish","type":"post","link":"https:\/\/zonaroja.com.mx\/?p=27107","title":{"rendered":"V\u00e1lida, convocatoria de asamblea de la S-22, sin dirigente"},"content":{"rendered":"\n<p>Evlin Arag\u00f3n\/Zona Roja.<\/p>\n\n\n\n<p>Oaxaca de Ju\u00e1rez, Oax., 11 de mayo de 2021.- Tal y como hab\u00eda sido convocada, este martes se llev\u00f3 a cabo una asamblea con m\u00e1s de 100 delegados y representantes sectoriales, al interior del auditorio \u201cEnedino Jim\u00e9nez\u201d de la Secci\u00f3n 22, adherida a la Coordinadora Nacional de Trabajadores de la Educaci\u00f3n (CNTE).<\/p>\n\n\n\n<p>Lo anterior, con miras a designar la representatividad que acudir\u00e1 al XIV Congreso Nacional de la CNTE que se realizar\u00e1 este fin de semana en el estado de Chiapas y para lo cual no hab\u00eda sido emitida una convocatoria por parte de la dirigencia magisterial, cuyo periodo de gesti\u00f3n feneci\u00f3 en enero pasado.&nbsp;<\/p>\n\n\n\n<p>Pese a la ausencia de Eloy L\u00f3pez Hern\u00e1ndez, Genaro Mart\u00ednez Morales y Jos\u00e9 Carlos L\u00f3pez Alonso, quienes encabezan la principal representatividad de la dirigencia de la gremial, los convocantes aseguraron que la asamblea tiene validez y ser\u00e1n respetados los acuerdos emitidos en ella.&nbsp;<\/p>\n\n\n\n<p>As\u00ed lo dio a conocer Wilbert Santiago Valdivieso, secretario de Prensa y Propaganda, quien asegur\u00f3 que fue precisamente el Comit\u00e9 Ejecutivo Seccional de la Secci\u00f3n 22 la que convoc\u00f3 la asamblea y por ello deben los acuerdos son absolutamente v\u00e1lidos.&nbsp;&nbsp;<\/p>\n\n\n\n<p>\u201cEsta convocatoria es de la estructura seccional de la combativa Secci\u00f3n 22, es funcional y reconocida porque nosotros somos la Coordinadora Nacional, es un movimiento de base y quienes participan son representantes sindicales con nombramiento en mano\u201d, se\u00f1al\u00f3.&nbsp;<\/p>\n\n\n\n<p>Detall\u00f3 que la asamblea de esta ma\u00f1ana responde a la convocatoria nacional para participar en la actividad de la CNTE programada para este fin de semana, ello desde la representatividad de bases como hist\u00f3ricamente lo ha realizado la gremial magisterial.\u00a0\u00a0<\/p>\n\n\n\n<figure class=\"wp-block-embed-twitter wp-block-embed is-type-rich is-provider-twitter\"><div class=\"wp-block-embed__wrapper\">\n<div class=\"twitter-tweet\"><blockquote class=\"twitter-tweet\" data-lang=\"es\"><p lang=\"es\" dir=\"ltr\"><a href=\"https:\/\/twitter.com\/hashtag\/ENVIVO?src=hash&amp;ref_src=twsrc%5Etfw\">#ENVIVO<\/a><br>Oaxaca de Ju\u00e1rez, Oax., 11 de mayo de 2021.- A falta de convocatoria por parte del dirigente Eloy L\u00f3pez Hern\u00e1ndez, un grupo de delegados y representantes sectoriales realizan asamblea en auditorio \u201cEnedino Jim\u00e9nez\u201d de la Secci\u00f3n 22.<br>Transmisi\u00f3n:<br>\ud83d\udc47<a href=\"https:\/\/t.co\/jVX8ALCCrn\">https:\/\/t.co\/jVX8ALCCrn<\/a> <a href=\"https:\/\/t.co\/S909KXL2C9\">pic.twitter.com\/S909KXL2C9<\/a><\/p>&mdash; Zona Roja Oaxaca (@Zona_Roja_Oax) <a href=\"https:\/\/twitter.com\/Zona_Roja_Oax\/status\/1392175746358157321?ref_src=twsrc%5Etfw\">11 de mayo de 2021<\/a><\/blockquote><\/div>\n<\/div><\/figure>\n\n\n\n<p>SOBRE EL RELEVO<\/p>\n\n\n\n<p>Con respecto al planteamiento del urgente relevo seccional, planteado por la Uni\u00f3n de Trabajadores de la Educaci\u00f3n (UTE), Santiago Valdivieso reconoci\u00f3 que el periodo de la actual dirigencia ya feneci\u00f3, sin embargo, ser\u00e1 despu\u00e9s que se instale una Asamblea Estatal que, las y los delegados definir\u00e1n la ruta a seguir.&nbsp;<\/p>\n\n\n\n<p>Apenas este lunes, integrantes de la UTE y el FPR manifestaron su preocupaci\u00f3n ante la permanencia en el cargo de Eloy L\u00f3pez, Genaro Mart\u00ednez y Jos\u00e9 Carlos L\u00f3pez, de quienes recriminaron su comportamiento claudicante, omiso y charro en perjuicio del movimiento magisterial.&nbsp;&nbsp;<\/p>\n\n\n\n<p>Adem\u00e1s, que han utilizado la pandemia a conveniencia ya que no han convocado a movilizaciones, consultas y asambleas, pero si se han reunido para negociar candidaturas.&nbsp;<\/p>\n","protected":false},"excerpt":{"rendered":"<p>Evlin Arag\u00f3n\/Zona Roja. Oaxaca de Ju\u00e1rez, Oax., 11 de mayo de 2021.- Tal y como&hellip;<\/p>\n","protected":false},"author":2,"featured_media":27108,"comment_status":"closed","ping_status":"open","sticky":false,"template":"","format":"standard","meta":{"_lmt_disableupdate":"","_lmt_disable":"","_jetpack_memberships_contains_paid_content":false,"footnotes":""},"categories":[109,47],"tags":[312],"class_list":["post-27107","post","type-post","status-publish","format-standard","has-post-thumbnail","hentry","category-minuto-a-minuto","category-zona-gris","tag-seccion-22-del-snte"],"jetpack_featured_media_url":"https:\/\/zonaroja.com.mx\/wp-content\/uploads\/2021\/05\/Asamblea-Seccion-22.jpg","jetpack_sharing_enabled":true,"_links":{"self":[{"href":"https:\/\/zonaroja.com.mx\/index.php?rest_route=\/wp\/v2\/posts\/27107","targetHints":{"allow":["GET"]}}],"collection":[{"href":"https:\/\/zonaroja.com.mx\/index.php?rest_route=\/wp\/v2\/posts"}],"about":[{"href":"https:\/\/zonaroja.com.mx\/index.php?rest_route=\/wp\/v2\/types\/post"}],"author":[{"embeddable":true,"href":"https:\/\/zonaroja.com.mx\/index.php?rest_route=\/wp\/v2\/users\/2"}],"replies":[{"embeddable":true,"href":"https:\/\/zonaroja.com.mx\/index.php?rest_route=%2Fwp%2Fv2%2Fcomments&post=27107"}],"version-history":[{"count":1,"href":"https:\/\/zonaroja.com.mx\/index.php?rest_route=\/wp\/v2\/posts\/27107\/revisions"}],"predecessor-version":[{"id":27109,"href":"https:\/\/zonaroja.com.mx\/index.php?rest_route=\/wp\/v2\/posts\/27107\/revisions\/27109"}],"wp:featuredmedia":[{"embeddable":true,"href":"https:\/\/zonaroja.com.mx\/index.php?rest_route=\/wp\/v2\/media\/27108"}],"wp:attachment":[{"href":"https:\/\/zonaroja.com.mx\/index.php?rest_route=%2Fwp%2Fv2%2Fmedia&parent=27107"}],"wp:term":[{"taxonomy":"category","embeddable":true,"href":"https:\/\/zonaroja.com.mx\/index.php?rest_route=%2Fwp%2Fv2%2Fcategories&post=27107"},{"taxonomy":"post_tag","embeddable":true,"href":"https:\/\/zonaroja.com.mx\/index.php?rest_route=%2Fwp%2Fv2%2Ftags&post=27107"}],"curies":[{"name":"wp","href":"https:\/\/api.w.org\/{rel}","templated":true}]}}