{"id":27115,"date":"2021-05-12T08:00:43","date_gmt":"2021-05-12T13:00:43","guid":{"rendered":"http:\/\/www.zonaroja.com.mx\/?p=27115"},"modified":"2021-05-11T22:17:01","modified_gmt":"2021-05-12T03:17:01","slug":"afirma-villacana-que-mujeres-lo-llevaran-al-triunfo-en-la-capital","status":"publish","type":"post","link":"https:\/\/zonaroja.com.mx\/?p=27115","title":{"rendered":"Afirma Villaca\u00f1a que mujeres lo llevar\u00e1n al triunfo en la capital"},"content":{"rendered":"\n<p>Redacci\u00f3n\/Zona Roja.<\/p>\n\n\n\n<p>Oaxaca de Ju\u00e1rez, Oax., a 12 de mayo.- El abanderado de \u00abVa por Oaxaca\u00bb, Javier Villaca\u00f1a Jim\u00e9nez, asegur\u00f3 que las mujeres capitalinas ser\u00e1n quienes empujen su triunfo a la presidencia municipal de Oaxaca de Ju\u00e1rez, recalcando su compromiso de generar acciones de empoderamiento, retomar programas sociales y atenci\u00f3n m\u00e9dica enfocados a este sector de la sociedad.<\/p>\n\n\n\n<p>Al dirigir un mensaje a brigadistas de Partido Revolucionario Institucional (PRI), Villaca\u00f1a Jim\u00e9nez agradeci\u00f3 el apoyo de las y los participantes en la jornada de promoci\u00f3n al voto. &nbsp;<\/p>\n\n\n\n<p>\u00abMuchas gracias por hacer realidad mi sue\u00f1o y por tener tres a\u00f1os para hacer realidad el sue\u00f1o de ustedes\u00bb, afirm\u00f3 ante el presidente del Comit\u00e9 Directivo Estatal de este Instituto pol\u00edtico, Eviel P\u00e9rez Maga\u00f1a.<\/p>\n\n\n\n<figure class=\"wp-block-embed-twitter wp-block-embed is-type-rich is-provider-twitter\"><div class=\"wp-block-embed__wrapper\">\n<div class=\"twitter-tweet\"><blockquote class=\"twitter-tweet\" data-lang=\"es\"><p lang=\"es\" dir=\"ltr\">En equipo con nuestro amigo <a href=\"https:\/\/twitter.com\/EvielPM?ref_src=twsrc%5Etfw\">@EvielPM<\/a>, realizamos un brigadeo frente a las oficinas del <a href=\"https:\/\/twitter.com\/PRIOaxacaCDE?ref_src=twsrc%5Etfw\">@PRIOaxacaCDE<\/a>. Seguimos recibiendo la confianza de nuestra gente; cada d\u00eda con su apoyo, fortalecen nuestro proyecto para recuperar la grandeza de <a href=\"https:\/\/twitter.com\/hashtag\/OaxacaDeJu%C3%A1rez?src=hash&amp;ref_src=twsrc%5Etfw\">#OaxacaDeJu\u00e1rez<\/a>. <a href=\"https:\/\/twitter.com\/hashtag\/JuntosLoHaremosDeNuevo?src=hash&amp;ref_src=twsrc%5Etfw\">#JuntosLoHaremosDeNuevo<\/a> <a href=\"https:\/\/t.co\/J4ODH9Flrq\">pic.twitter.com\/J4ODH9Flrq<\/a><\/p>&mdash; Javier Villaca\u00f1a (@JavierVillacana) <a href=\"https:\/\/twitter.com\/JavierVillacana\/status\/1392162738353364994?ref_src=twsrc%5Etfw\">11 de mayo de 2021<\/a><\/blockquote><\/div>\n<\/div><\/figure>\n\n\n\n<p>\u00abTodo lo que vamos a hacer a partir del 1 de enero, ser\u00e1 pensando en ustedes. Son nuestra voz, caminen con confianza haciendo compromisos porque nosotros si cumplimos y sabemos gobernar\u00bb, asever\u00f3 el candidato com\u00fan por el PRI, PAN y PRD, al tiempo de se\u00f1alar que busca llevar a la capital hacia un nuevo cambio.<\/p>\n\n\n\n<p>Previo a este encuentro, Javier Villaca\u00f1a Jim\u00e9nez particip\u00f3 en el brigadeo frente a las oficinas del PRI, junto a las candidatas a diputadas locales y federal, Laura Vign\u00f3n Carre\u00f1o, Giovanna Anah\u00ed Moreno y Mariana Nassar Pi\u00f1eyro, respectivamente. Por m\u00e1s de dos horas, conductores, conductoras y pasajeros del servicio de transporte publico que transitaban por esta v\u00eda, externaron su confianza en Javier Villaca\u00f1a, para que sea un edil que logr\u00e9 y construya mejores oportunidades de crecimiento para todos y todas.<\/p>\n","protected":false},"excerpt":{"rendered":"<p>Redacci\u00f3n\/Zona Roja. Oaxaca de Ju\u00e1rez, Oax., a 12 de mayo.- El abanderado de \u00abVa por&hellip;<\/p>\n","protected":false},"author":2,"featured_media":27116,"comment_status":"closed","ping_status":"open","sticky":false,"template":"","format":"standard","meta":{"_lmt_disableupdate":"","_lmt_disable":"","_jetpack_memberships_contains_paid_content":false,"footnotes":""},"categories":[109,46],"tags":[2456],"class_list":["post-27115","post","type-post","status-publish","format-standard","has-post-thumbnail","hentry","category-minuto-a-minuto","category-zona-blanca","tag-javier-villacana-jimenez"],"jetpack_featured_media_url":"https:\/\/zonaroja.com.mx\/wp-content\/uploads\/2021\/05\/11May-Brigadeo-PRI_1.jpeg","jetpack_sharing_enabled":true,"_links":{"self":[{"href":"https:\/\/zonaroja.com.mx\/index.php?rest_route=\/wp\/v2\/posts\/27115","targetHints":{"allow":["GET"]}}],"collection":[{"href":"https:\/\/zonaroja.com.mx\/index.php?rest_route=\/wp\/v2\/posts"}],"about":[{"href":"https:\/\/zonaroja.com.mx\/index.php?rest_route=\/wp\/v2\/types\/post"}],"author":[{"embeddable":true,"href":"https:\/\/zonaroja.com.mx\/index.php?rest_route=\/wp\/v2\/users\/2"}],"replies":[{"embeddable":true,"href":"https:\/\/zonaroja.com.mx\/index.php?rest_route=%2Fwp%2Fv2%2Fcomments&post=27115"}],"version-history":[{"count":1,"href":"https:\/\/zonaroja.com.mx\/index.php?rest_route=\/wp\/v2\/posts\/27115\/revisions"}],"predecessor-version":[{"id":27117,"href":"https:\/\/zonaroja.com.mx\/index.php?rest_route=\/wp\/v2\/posts\/27115\/revisions\/27117"}],"wp:featuredmedia":[{"embeddable":true,"href":"https:\/\/zonaroja.com.mx\/index.php?rest_route=\/wp\/v2\/media\/27116"}],"wp:attachment":[{"href":"https:\/\/zonaroja.com.mx\/index.php?rest_route=%2Fwp%2Fv2%2Fmedia&parent=27115"}],"wp:term":[{"taxonomy":"category","embeddable":true,"href":"https:\/\/zonaroja.com.mx\/index.php?rest_route=%2Fwp%2Fv2%2Fcategories&post=27115"},{"taxonomy":"post_tag","embeddable":true,"href":"https:\/\/zonaroja.com.mx\/index.php?rest_route=%2Fwp%2Fv2%2Ftags&post=27115"}],"curies":[{"name":"wp","href":"https:\/\/api.w.org\/{rel}","templated":true}]}}