{"id":2712,"date":"2019-08-01T12:40:42","date_gmt":"2019-08-01T17:40:42","guid":{"rendered":"http:\/\/www.zonaroja.com.mx\/?p=2712"},"modified":"2019-08-01T12:40:44","modified_gmt":"2019-08-01T17:40:44","slug":"acusan-a-presunto-locutor-de-radio-de-abusar-sexualmente-de-discapacitada","status":"publish","type":"post","link":"https:\/\/zonaroja.com.mx\/?p=2712","title":{"rendered":"Acusan a presunto locutor de radio de abusar sexualmente de discapacitada"},"content":{"rendered":"\n<p>Redacci\u00f3n<\/p>\n\n\n\n<p>Oaxaca de Ju\u00e1rez, Oax., 1 de agosto de\n2019.- Un presunto locutor de una radiodifusora en Oaxaca fue acusado de violar\na una mujer en situaci\u00f3n de discapacidad, en el interior de un domicilio\nubicado en el municipio de San Antonio de la Cal.<\/p>\n\n\n\n<p>La Fiscal\u00eda General del Estado inform\u00f3\nque tras la denuncia, quien se identific\u00f3 como A. R. V. fue detenido ayer y\npresentado ante el Juez de Control, bajo el delito de abuso sexual agravado. <\/p>\n\n\n\n<p>De acuerdo con la Carpeta de Investigaci\u00f3n\n2259\/FEADM\/2018, entre las 10:45 y 11:20 horas del 15 de noviembre del a\u00f1o\n2018, el imputado ingres\u00f3 a la habitaci\u00f3n de la v\u00edctima, N. I. S. M., en su\ndomicilio ubicado en la colonia El Polvor\u00edn, San Antonio de la Cal, donde\naprovech\u00e1ndose de su discapacidad f\u00edsica, abus\u00f3 sexualmente de ella.<\/p>\n\n\n\n<p>Por estos hechos y luego que la\nprogenitora de la v\u00edctima presentara su denuncia ante el agente del Ministerio\nP\u00fablico, la Fiscal\u00eda General inici\u00f3 la investigaci\u00f3n correspondiente y logr\u00f3 la\naprehensi\u00f3n del probable abusador sexual, quien fue presentado ante el Juez de\nControl que lo requiri\u00f3, el cual definir\u00e1 su situaci\u00f3n jur\u00eddica en las pr\u00f3ximas\nhoras.<\/p>\n","protected":false},"excerpt":{"rendered":"<p>Redacci\u00f3n Oaxaca de Ju\u00e1rez, Oax., 1 de agosto de 2019.- Un presunto locutor de una&hellip;<\/p>\n","protected":false},"author":2,"featured_media":2713,"comment_status":"closed","ping_status":"open","sticky":false,"template":"","format":"standard","meta":{"_lmt_disableupdate":"","_lmt_disable":"","_jetpack_memberships_contains_paid_content":false,"footnotes":""},"categories":[109,51],"tags":[448],"class_list":["post-2712","post","type-post","status-publish","format-standard","has-post-thumbnail","hentry","category-minuto-a-minuto","category-zona-roja","tag-detienen-a-presunto-locutor-de-radio-por-abusar-de-discacitada"],"jetpack_featured_media_url":"https:\/\/zonaroja.com.mx\/wp-content\/uploads\/2019\/08\/Discapacitada-1.jpg","jetpack_sharing_enabled":true,"_links":{"self":[{"href":"https:\/\/zonaroja.com.mx\/index.php?rest_route=\/wp\/v2\/posts\/2712","targetHints":{"allow":["GET"]}}],"collection":[{"href":"https:\/\/zonaroja.com.mx\/index.php?rest_route=\/wp\/v2\/posts"}],"about":[{"href":"https:\/\/zonaroja.com.mx\/index.php?rest_route=\/wp\/v2\/types\/post"}],"author":[{"embeddable":true,"href":"https:\/\/zonaroja.com.mx\/index.php?rest_route=\/wp\/v2\/users\/2"}],"replies":[{"embeddable":true,"href":"https:\/\/zonaroja.com.mx\/index.php?rest_route=%2Fwp%2Fv2%2Fcomments&post=2712"}],"version-history":[{"count":1,"href":"https:\/\/zonaroja.com.mx\/index.php?rest_route=\/wp\/v2\/posts\/2712\/revisions"}],"predecessor-version":[{"id":2714,"href":"https:\/\/zonaroja.com.mx\/index.php?rest_route=\/wp\/v2\/posts\/2712\/revisions\/2714"}],"wp:featuredmedia":[{"embeddable":true,"href":"https:\/\/zonaroja.com.mx\/index.php?rest_route=\/wp\/v2\/media\/2713"}],"wp:attachment":[{"href":"https:\/\/zonaroja.com.mx\/index.php?rest_route=%2Fwp%2Fv2%2Fmedia&parent=2712"}],"wp:term":[{"taxonomy":"category","embeddable":true,"href":"https:\/\/zonaroja.com.mx\/index.php?rest_route=%2Fwp%2Fv2%2Fcategories&post=2712"},{"taxonomy":"post_tag","embeddable":true,"href":"https:\/\/zonaroja.com.mx\/index.php?rest_route=%2Fwp%2Fv2%2Ftags&post=2712"}],"curies":[{"name":"wp","href":"https:\/\/api.w.org\/{rel}","templated":true}]}}