{"id":27131,"date":"2021-05-12T11:00:23","date_gmt":"2021-05-12T16:00:23","guid":{"rendered":"http:\/\/www.zonaroja.com.mx\/?p=27131"},"modified":"2021-05-12T08:33:47","modified_gmt":"2021-05-12T13:33:47","slug":"opinion-gomez-fierro-la-ley-la-oligarquia-y-el-pueblo","status":"publish","type":"post","link":"https:\/\/zonaroja.com.mx\/?p=27131","title":{"rendered":"Opini\u00f3n. G\u00f3mez Fierro, la ley, la oligarqu\u00eda y el pueblo"},"content":{"rendered":"\n<p>Gibr\u00e1n Ram\u00edrez Reyes*<\/p>\n\n\n\n<p>El juez G\u00f3mez Fierro no es, como han dicho sus porristas, un defensor de la Constituci\u00f3n y el estado de derecho.<\/p>\n\n\n\n<p>Lo han presentado como juzgador solitario resistiendo el embate de un poder pol\u00edtico todopoderoso.<\/p>\n\n\n\n<p>Y la verdad es que es que es lo contrario: el gran poder, trasnacional, es de las oligarqu\u00edas, que en materia energ\u00e9tica se manifiesta de manera despiadada, que utiliza a una clase pol\u00edtica aliada o dependiente de \u00e9l, que coloniza as\u00ed organismos aut\u00f3nomos que deber\u00edan controlarle, e incluso al poder judicial que deber\u00eda velar por la garant\u00eda de los derechos humanos.<\/p>\n\n\n\n<p>Frente a ese poder, ubicuo y corruptor, hay s\u00f3lo una regi\u00f3n del estado controlada por el actual presidente.<\/p>\n\n\n\n<p>Es, entonces, un choque de poder a poder, pero el poder econ\u00f3mico est\u00e1 aqu\u00ed escondido bajo la toga de uno de sus cachorros, una toga estampada en letras grandes con las leyendas \u201cindependencia judicial\u201d, \u201ccontrapeso\u201d, \u201cestado de derecho\u201d.<\/p>\n\n\n\n<p>Es una simulaci\u00f3n. Hay una prueba, sencilla, irrefutable, y es el doble rasero con el que el juez mide.<\/p>\n\n\n\n<p>Promovieron amparos contra la reforma a la Ley de la Industria El\u00e9ctrica corporaciones, organizaciones de la sociedad civil en defensa del neoliberalismo, y promotores dizque del medio ambiente a quienes interesa impulsar las energ\u00edas limpias siempre y cuando los ganadores sean privados.<\/p>\n\n\n\n<p>Para ellas hubo apertura, escucha para sus argumentos, y una suspensi\u00f3n con efectos generales; todo ello en menos de 48 horas, un tiempo inusitado.<\/p>\n\n\n\n<p>La suspensi\u00f3n es indebida, pues de acuerdo con la Ley de amparo deber\u00eda tener lugar s\u00f3lo para el quejoso, no para todo el mercado, y deber\u00eda proceder de manera general s\u00f3lo en caso de que hubiera una afectaci\u00f3n inminente y potencialmente irreversible a derechos humanos y aqu\u00ed lo \u00fanico que se amenaza es un inter\u00e9s del gran capital en sus ganancias.<\/p>\n\n\n\n<p>Para el pueblo \u2013para gente que no representa a la oligarqu\u00eda, sino que son simples usuarios\u2013, el trato ha sido muy distinto.<\/p>\n\n\n\n<p>Han presentado solicitudes en los juicios de amparo 118\/2021 y 113\/2021 en calidad de terceros interesados, y el juez, despu\u00e9s de m\u00e1s de una semana, ha desestimado que los usuarios tengan legitimidad para ampararse en contra de leyes.<\/p>\n\n\n\n<p>\u00bfEn qu\u00e9 quedamos entonces?, \u00bfs\u00f3lo procede aceptar amparos contra leyes si los terceros interesados son instrumentos de la oligarqu\u00eda? El juez tendr\u00eda que explicarlo, pues adem\u00e1s en este caso s\u00ed hay una afectaci\u00f3n directa a un derecho humano, porque la reforma en cuesti\u00f3n prioriza la seguridad energ\u00e9tica y ser\u00eda \u00fatil para que los usuarios no vuelvan a sufrir apagones como el de diciembre de 2020.<\/p>\n\n\n\n<p>Por otra parte, el principal efecto del amparo otorgado por G\u00f3mez Fierro es mantener un fraude a la ley que cuesta a los usuarios comunes la friolera de 7 mil millones de pesos cada a\u00f1o.<\/p>\n\n\n\n<p>Lo dice el reporte de ESTA international (El Monitor Independiente del Mercado El\u00e9ctrico): Walmart, Femsa, Bimbo, Cemex, Grupo M\u00e9xico, Iberdrola, han formado sociedades de autoabastecimiento para utilizar la tarifa preferencial de transmisi\u00f3n que la ley otorga, violando a sabiendas la disposici\u00f3n que establece que el autoabasto debe ser sin fines de lucro.<\/p>\n\n\n\n<p>Esa es la dimensi\u00f3n del juez: defiende el abuso, el derecho humano a las ganancias excesivas pagadas por el pueblo.<\/p>\n\n\n\n<p>*Doctor en Ciencia Pol\u00edtica por la UNAM<\/p>\n","protected":false},"excerpt":{"rendered":"<p>Gibr\u00e1n Ram\u00edrez Reyes* El juez G\u00f3mez Fierro no es, como han dicho sus porristas, un&hellip;<\/p>\n","protected":false},"author":2,"featured_media":24099,"comment_status":"closed","ping_status":"open","sticky":false,"template":"","format":"standard","meta":{"_lmt_disableupdate":"","_lmt_disable":"","_jetpack_memberships_contains_paid_content":false,"footnotes":""},"categories":[456,109],"tags":[2489],"class_list":["post-27131","post","type-post","status-publish","format-standard","has-post-thumbnail","hentry","category-columna","category-minuto-a-minuto","tag-gibran-ramirez-reyes"],"jetpack_featured_media_url":"https:\/\/zonaroja.com.mx\/wp-content\/uploads\/2021\/02\/Gibran-Ramirez-Reyes.jpg","jetpack_sharing_enabled":true,"_links":{"self":[{"href":"https:\/\/zonaroja.com.mx\/index.php?rest_route=\/wp\/v2\/posts\/27131","targetHints":{"allow":["GET"]}}],"collection":[{"href":"https:\/\/zonaroja.com.mx\/index.php?rest_route=\/wp\/v2\/posts"}],"about":[{"href":"https:\/\/zonaroja.com.mx\/index.php?rest_route=\/wp\/v2\/types\/post"}],"author":[{"embeddable":true,"href":"https:\/\/zonaroja.com.mx\/index.php?rest_route=\/wp\/v2\/users\/2"}],"replies":[{"embeddable":true,"href":"https:\/\/zonaroja.com.mx\/index.php?rest_route=%2Fwp%2Fv2%2Fcomments&post=27131"}],"version-history":[{"count":1,"href":"https:\/\/zonaroja.com.mx\/index.php?rest_route=\/wp\/v2\/posts\/27131\/revisions"}],"predecessor-version":[{"id":27132,"href":"https:\/\/zonaroja.com.mx\/index.php?rest_route=\/wp\/v2\/posts\/27131\/revisions\/27132"}],"wp:featuredmedia":[{"embeddable":true,"href":"https:\/\/zonaroja.com.mx\/index.php?rest_route=\/wp\/v2\/media\/24099"}],"wp:attachment":[{"href":"https:\/\/zonaroja.com.mx\/index.php?rest_route=%2Fwp%2Fv2%2Fmedia&parent=27131"}],"wp:term":[{"taxonomy":"category","embeddable":true,"href":"https:\/\/zonaroja.com.mx\/index.php?rest_route=%2Fwp%2Fv2%2Fcategories&post=27131"},{"taxonomy":"post_tag","embeddable":true,"href":"https:\/\/zonaroja.com.mx\/index.php?rest_route=%2Fwp%2Fv2%2Ftags&post=27131"}],"curies":[{"name":"wp","href":"https:\/\/api.w.org\/{rel}","templated":true}]}}