{"id":27136,"date":"2021-05-12T08:55:23","date_gmt":"2021-05-12T13:55:23","guid":{"rendered":"http:\/\/www.zonaroja.com.mx\/?p=27136"},"modified":"2021-05-12T08:55:29","modified_gmt":"2021-05-12T13:55:29","slug":"desaparecen-tres-mujeres-en-oaxaca-una-es-madre-y-su-hija","status":"publish","type":"post","link":"https:\/\/zonaroja.com.mx\/?p=27136","title":{"rendered":"Desaparecen tres mujeres en Oaxaca; una es madre y su hija"},"content":{"rendered":"\n<p>Redacci\u00f3n\/Zona Roja.<\/p>\n\n\n\n<p>Oaxaca de Ju\u00e1rez, Oax., 12 de mayo de 2021.- En menos de una semana, tres mujeres han desaparecido en Oaxaca.<\/p>\n\n\n\n<p>La Unidad de B\u00fasqueda de Personas Desaparecidas y No Localizadas, dependiente de la Fiscal\u00eda General del Estado, emiti\u00f3 las fichas correspondientes.<\/p>\n\n\n\n<p>Uno es el caso de Jaquelina Teodora Ortega Canseco y su hija Evelyn Hern\u00e1ndez Ortega, de 39 y seis a\u00f1os de edad, respectivamente, quienes fueron vistas por \u00faltima vez el 7 de mayo en la colonia Zaachila II, del municipio Villa de Zaachila.<\/p>\n\n\n\n<p>Otro caso es el de \u00c1ngeles Patricia V\u00e1squez Mart\u00ednez, de 14 a\u00f1os de edad, quien sali\u00f3 de su domicilio el domingo 9 de mayo, en la colonia Azucenas de San Mart\u00edn Mexic\u00e1pam, agencia de Oaxaca de Ju\u00e1rez, y a\u00fan no ha vuelto.<\/p>\n\n\n\n<p>Mientras que el 8 de mayo fue visto por \u00faltima vez el menor de 12 a\u00f1os, Nirvan Johan Brady Cid, en la colonia Am\u00e9rica Norte de la ciudad de Oaxaca.<\/p>\n\n\n\n<p>Asimismo, el 9 de mayo pasado, en la colonia Volcanes de la capital oaxaque\u00f1a, fue visto por \u00faltima vez V\u00edctor Alfonso Bravo Garc\u00eda, de 28 a\u00f1os de edad, y a\u00fan no se sabe nada de \u00e9l.<\/p>\n","protected":false},"excerpt":{"rendered":"<p>Redacci\u00f3n\/Zona Roja. Oaxaca de Ju\u00e1rez, Oax., 12 de mayo de 2021.- En menos de una&hellip;<\/p>\n","protected":false},"author":2,"featured_media":27137,"comment_status":"closed","ping_status":"open","sticky":false,"template":"","format":"standard","meta":{"_lmt_disableupdate":"","_lmt_disable":"","_jetpack_memberships_contains_paid_content":false,"footnotes":""},"categories":[109,47],"tags":[455],"class_list":["post-27136","post","type-post","status-publish","format-standard","has-post-thumbnail","hentry","category-minuto-a-minuto","category-zona-gris","tag-mujeres-desaparecidas-oaxaca"],"jetpack_featured_media_url":"https:\/\/zonaroja.com.mx\/wp-content\/uploads\/2021\/05\/Desaparecidos-Oaxaca-1.jpg","jetpack_sharing_enabled":true,"_links":{"self":[{"href":"https:\/\/zonaroja.com.mx\/index.php?rest_route=\/wp\/v2\/posts\/27136","targetHints":{"allow":["GET"]}}],"collection":[{"href":"https:\/\/zonaroja.com.mx\/index.php?rest_route=\/wp\/v2\/posts"}],"about":[{"href":"https:\/\/zonaroja.com.mx\/index.php?rest_route=\/wp\/v2\/types\/post"}],"author":[{"embeddable":true,"href":"https:\/\/zonaroja.com.mx\/index.php?rest_route=\/wp\/v2\/users\/2"}],"replies":[{"embeddable":true,"href":"https:\/\/zonaroja.com.mx\/index.php?rest_route=%2Fwp%2Fv2%2Fcomments&post=27136"}],"version-history":[{"count":1,"href":"https:\/\/zonaroja.com.mx\/index.php?rest_route=\/wp\/v2\/posts\/27136\/revisions"}],"predecessor-version":[{"id":27138,"href":"https:\/\/zonaroja.com.mx\/index.php?rest_route=\/wp\/v2\/posts\/27136\/revisions\/27138"}],"wp:featuredmedia":[{"embeddable":true,"href":"https:\/\/zonaroja.com.mx\/index.php?rest_route=\/wp\/v2\/media\/27137"}],"wp:attachment":[{"href":"https:\/\/zonaroja.com.mx\/index.php?rest_route=%2Fwp%2Fv2%2Fmedia&parent=27136"}],"wp:term":[{"taxonomy":"category","embeddable":true,"href":"https:\/\/zonaroja.com.mx\/index.php?rest_route=%2Fwp%2Fv2%2Fcategories&post=27136"},{"taxonomy":"post_tag","embeddable":true,"href":"https:\/\/zonaroja.com.mx\/index.php?rest_route=%2Fwp%2Fv2%2Ftags&post=27136"}],"curies":[{"name":"wp","href":"https:\/\/api.w.org\/{rel}","templated":true}]}}