{"id":27139,"date":"2021-05-12T16:02:11","date_gmt":"2021-05-12T21:02:11","guid":{"rendered":"http:\/\/www.zonaroja.com.mx\/?p=27139"},"modified":"2021-05-12T16:02:15","modified_gmt":"2021-05-12T21:02:15","slug":"ordenan-comparecencia-de-osorio-chong-por-caso-de-represion-en-nochixtlan","status":"publish","type":"post","link":"https:\/\/zonaroja.com.mx\/?p=27139","title":{"rendered":"Ordenan comparecencia de Osorio Chong por caso de represi\u00f3n en Nochixtl\u00e1n"},"content":{"rendered":"\n<p>Evlin Arag\u00f3n\/Zona Roja.<\/p>\n\n\n\n<p>Oaxaca de Ju\u00e1rez, Oax., 12 de mayo de 2021.- Un juez federal orden\u00f3 a la Fiscal\u00eda General de la Rep\u00fablica (FGR), llevar a cabo una comparecencia con el actual senador de la Rep\u00fablica, Miguel Osorio Chong, quien fung\u00eda como secretario de Gobernaci\u00f3n al momento de la represi\u00f3n en contra del pueblo de Asunci\u00f3n Nochixtl\u00e1n, que se registr\u00f3 el 19 de junio de 2016.<\/p>\n\n\n\n<p>As\u00ed lo dio a conocer el Comit\u00e9 de Victimas por Justicia y Verdad (Covic) \u201c19 de junio\u201d, cuyos integrantes celebraron la decisi\u00f3n del juez, toda vez que la Fiscal\u00eda se ha negado en reiteradas ocasiones a investigar la cadena de mando policiaca y pol\u00edtica que orquesto y ordeno la masacre de Nochixtl\u00e1n.&nbsp;<\/p>\n\n\n\n<p>\u201cHemos logrado que el ex secretario de Gobernaci\u00f3n, Miguel \u00c1ngel O. C. comparezca ante el fiscal investigador a declarar en relaci\u00f3n a los hechos sucedidos en Nochixtl\u00e1n, cuando las polic\u00edas al servicio del gobierno federal y estatal irrumpieron de forma violenta y ejecutaron a seis de nuestros familiares y compa\u00f1eros\u201d, refiere el documento emitido.&nbsp;<\/p>\n\n\n\n<p>En el mismo, exigieron a la FGR y al gobierno federal que no fomenten la impunidad en los hechos de Nochixtl\u00e1n, y dejen de obstaculizar la investigaci\u00f3n, como lo han hecho hasta la fecha, en contra del pueblo afectado y cuyo \u00fanico delito fue salir en defensa de sus maestros y padres de familia que manten\u00edan una lucha contra la reforma educativa.&nbsp;&nbsp;<\/p>\n\n\n\n<p>As\u00ed mismo, pidieron que se materialice el derecho a la verdad y la justicia de las v\u00edctimas, realizando una investigaci\u00f3n objetiva e imparcial, con miras a llevar ante los tribunales a los responsables materiales y mediatos de los hechos que hasta la fecha mantienen roto el tejido social en la poblaci\u00f3n.&nbsp;<\/p>\n\n\n\n<p>Recordaron que no cesar\u00e1n en su exigencia de justicia y verdad sobre lo ocurrido aquel domingo negro en que las balas asesinas del Estado mexicano perpetraron una de las peores masacres en contra de la poblaci\u00f3n civil.&nbsp;<\/p>\n\n\n\n<p>\u201cReiteramos nuestro compromiso de continuar nuestra lucha hasta que la justicia alcance a quienes desde las m\u00e1s altas esferas del poder planearon y orquestaron el operativo en Nochixtl\u00e1n\u201d, sentenciaron.&nbsp;<\/p>\n\n\n\n<p>El 19 de junio de 2016, durante los sexenios de Enrique Pe\u00f1a Nieto y Gabino Cu\u00e9 Monteagudo, a nivel federal y local respectivamente, elementos de seguridad p\u00fablica arremetieron contra el pueblo de Asunci\u00f3n Nochixtl\u00e1n que se manifestaba en contra de la reforma educativa, dejando como saldo seis personas muertas y m\u00e1s de 80 personas heridas, de acuerdo con el Covic.&nbsp;<\/p>\n","protected":false},"excerpt":{"rendered":"<p>Evlin Arag\u00f3n\/Zona Roja. Oaxaca de Ju\u00e1rez, Oax., 12 de mayo de 2021.- Un juez federal&hellip;<\/p>\n","protected":false},"author":2,"featured_media":27140,"comment_status":"closed","ping_status":"open","sticky":false,"template":"","format":"standard","meta":{"_lmt_disableupdate":"","_lmt_disable":"","_jetpack_memberships_contains_paid_content":false,"footnotes":""},"categories":[109,47],"tags":[128],"class_list":["post-27139","post","type-post","status-publish","format-standard","has-post-thumbnail","hentry","category-minuto-a-minuto","category-zona-gris","tag-asuncion-nochixtlan"],"jetpack_featured_media_url":"https:\/\/zonaroja.com.mx\/wp-content\/uploads\/2021\/05\/Miguel-Angel-Osorio-Chong.jpg","jetpack_sharing_enabled":true,"_links":{"self":[{"href":"https:\/\/zonaroja.com.mx\/index.php?rest_route=\/wp\/v2\/posts\/27139","targetHints":{"allow":["GET"]}}],"collection":[{"href":"https:\/\/zonaroja.com.mx\/index.php?rest_route=\/wp\/v2\/posts"}],"about":[{"href":"https:\/\/zonaroja.com.mx\/index.php?rest_route=\/wp\/v2\/types\/post"}],"author":[{"embeddable":true,"href":"https:\/\/zonaroja.com.mx\/index.php?rest_route=\/wp\/v2\/users\/2"}],"replies":[{"embeddable":true,"href":"https:\/\/zonaroja.com.mx\/index.php?rest_route=%2Fwp%2Fv2%2Fcomments&post=27139"}],"version-history":[{"count":1,"href":"https:\/\/zonaroja.com.mx\/index.php?rest_route=\/wp\/v2\/posts\/27139\/revisions"}],"predecessor-version":[{"id":27141,"href":"https:\/\/zonaroja.com.mx\/index.php?rest_route=\/wp\/v2\/posts\/27139\/revisions\/27141"}],"wp:featuredmedia":[{"embeddable":true,"href":"https:\/\/zonaroja.com.mx\/index.php?rest_route=\/wp\/v2\/media\/27140"}],"wp:attachment":[{"href":"https:\/\/zonaroja.com.mx\/index.php?rest_route=%2Fwp%2Fv2%2Fmedia&parent=27139"}],"wp:term":[{"taxonomy":"category","embeddable":true,"href":"https:\/\/zonaroja.com.mx\/index.php?rest_route=%2Fwp%2Fv2%2Fcategories&post=27139"},{"taxonomy":"post_tag","embeddable":true,"href":"https:\/\/zonaroja.com.mx\/index.php?rest_route=%2Fwp%2Fv2%2Ftags&post=27139"}],"curies":[{"name":"wp","href":"https:\/\/api.w.org\/{rel}","templated":true}]}}