{"id":27146,"date":"2021-05-13T08:00:01","date_gmt":"2021-05-13T13:00:01","guid":{"rendered":"http:\/\/www.zonaroja.com.mx\/?p=27146"},"modified":"2021-05-13T07:17:52","modified_gmt":"2021-05-13T12:17:52","slug":"imparte-poder-judicial-curso-sobre-el-rol-del-asesor-juridico-de-victimas","status":"publish","type":"post","link":"https:\/\/zonaroja.com.mx\/?p=27146","title":{"rendered":"Imparte Poder Judicial curso sobre el rol del asesor jur\u00eddico de v\u00edctimas"},"content":{"rendered":"\n<p>Redacci\u00f3n\/Zona Roja.<\/p>\n\n\n\n<p>Oaxaca de Ju\u00e1rez, Oax., 13 de mayo de 2021.- En su labor permanente de profesionalizar y actualizar al personal jurisdiccional, el Poder Judicial de Oaxaca imparte el curso en l\u00ednea el \u201cRol del asesor jur\u00eddico de v\u00edctimas\u201d, figura que se cre\u00f3 a partir de la reforma constitucional de 2008, la cual reconoce a la v\u00edctima como parte activa del proceso penal y la dota de derechos siendo la asesor\u00eda jur\u00eddica uno de ellos.<\/p>\n\n\n\n<p>Con una duraci\u00f3n de 96 horas, en la actualizaci\u00f3n se abordan temas como la V\u00edctima en el Proceso Penal Acusatorio, Proceso Penal Acusatorio, Audiencia de Juicio y Recursos, Derechos de las Personas en Situaci\u00f3n de V\u00edctima, Ley General de V\u00edctimas, Principios y Directrices para la Asistencia e Intervenci\u00f3n en V\u00edctimas y Ofendidos del Delito.<\/p>\n\n\n\n<p>La actividad finalizar\u00e1 con un taller de argumentaci\u00f3n y de audiencias, con el objetivo de proporcionar a las y los participantes fundamentos, principios rectores y principales caracter\u00edsticas del proceso penal acusatorio, las etapas que comprende y aspectos jur\u00eddicos relacionados con el sistema acusatorio desde la perspectiva del asesor (a) jur\u00eddico.<\/p>\n\n\n\n<p>La figura del asesor jur\u00eddico, dentro del proceso penal, est\u00e1 enfocada en brindar certeza durante el proceso a las v\u00edctimas y su servicio es completamente para las mismas; sin embargo, sus atribuciones pueden ser confundidas con las del ministerio p\u00fablico por lo que deben estar bien delimitadas y no exista un conflicto entre estos y eso entorpezca el proceso penal.<\/p>\n\n\n\n<p>El curso, organizado a trav\u00e9s de la Escuela Judicial, concluir\u00e1 a finales de este mes de mayo y como ponentes han intervenido los especialistas maestro Manlio Rigoberto Hern\u00e1ndez Dom\u00ednguez; maestra Monivet Shaley L\u00f3pez Garc\u00eda y maestra Ver\u00f3nica Mar\u00eda de los \u00c1ngeles Morales D\u00edaz.<\/p>\n","protected":false},"excerpt":{"rendered":"<p>Redacci\u00f3n\/Zona Roja. Oaxaca de Ju\u00e1rez, Oax., 13 de mayo de 2021.- En su labor permanente&hellip;<\/p>\n","protected":false},"author":2,"featured_media":27147,"comment_status":"closed","ping_status":"open","sticky":false,"template":"","format":"standard","meta":{"_lmt_disableupdate":"","_lmt_disable":"","_jetpack_memberships_contains_paid_content":false,"footnotes":""},"categories":[109,46],"tags":[223],"class_list":["post-27146","post","type-post","status-publish","format-standard","has-post-thumbnail","hentry","category-minuto-a-minuto","category-zona-blanca","tag-poder-judicial-de-oaxaca"],"jetpack_featured_media_url":"https:\/\/zonaroja.com.mx\/wp-content\/uploads\/2021\/05\/CURSO-ROL-DEL-ASESOR.jpg","jetpack_sharing_enabled":true,"_links":{"self":[{"href":"https:\/\/zonaroja.com.mx\/index.php?rest_route=\/wp\/v2\/posts\/27146","targetHints":{"allow":["GET"]}}],"collection":[{"href":"https:\/\/zonaroja.com.mx\/index.php?rest_route=\/wp\/v2\/posts"}],"about":[{"href":"https:\/\/zonaroja.com.mx\/index.php?rest_route=\/wp\/v2\/types\/post"}],"author":[{"embeddable":true,"href":"https:\/\/zonaroja.com.mx\/index.php?rest_route=\/wp\/v2\/users\/2"}],"replies":[{"embeddable":true,"href":"https:\/\/zonaroja.com.mx\/index.php?rest_route=%2Fwp%2Fv2%2Fcomments&post=27146"}],"version-history":[{"count":2,"href":"https:\/\/zonaroja.com.mx\/index.php?rest_route=\/wp\/v2\/posts\/27146\/revisions"}],"predecessor-version":[{"id":27173,"href":"https:\/\/zonaroja.com.mx\/index.php?rest_route=\/wp\/v2\/posts\/27146\/revisions\/27173"}],"wp:featuredmedia":[{"embeddable":true,"href":"https:\/\/zonaroja.com.mx\/index.php?rest_route=\/wp\/v2\/media\/27147"}],"wp:attachment":[{"href":"https:\/\/zonaroja.com.mx\/index.php?rest_route=%2Fwp%2Fv2%2Fmedia&parent=27146"}],"wp:term":[{"taxonomy":"category","embeddable":true,"href":"https:\/\/zonaroja.com.mx\/index.php?rest_route=%2Fwp%2Fv2%2Fcategories&post=27146"},{"taxonomy":"post_tag","embeddable":true,"href":"https:\/\/zonaroja.com.mx\/index.php?rest_route=%2Fwp%2Fv2%2Ftags&post=27146"}],"curies":[{"name":"wp","href":"https:\/\/api.w.org\/{rel}","templated":true}]}}